{"id":617,"date":"2009-08-01T18:43:17","date_gmt":"2009-08-01T16:43:17","guid":{"rendered":"http:\/\/stichelstube.capricorna.de\/wordpress\/?p=617"},"modified":"2021-12-25T11:48:46","modified_gmt":"2021-12-25T10:48:46","slug":"testmodell-skort-megan","status":"publish","type":"post","link":"https:\/\/stichelstube.capricorna.de\/wordpress\/2009\/08\/01\/testmodell-skort-megan\/","title":{"rendered":"Skort Megan"},"content":{"rendered":"<p><!--:de-->Hier direkt eine Ausf\u00fchrung meines gestrigen guten Vorsatzes, \u00f6fter mal schnell ein Nesselmodell eines interessantes Schnittes zu machen. Mit einem Skort lieb\u00e4ugele ich ja schon seit Jahren, bin aber nie zu Potte gekommen. Bei burdastyle sah ich neulich das Modell &#8222;<a title=\"burdastyle.com - Skort Megan\" href=\"http:\/\/www.burdastyle.com\/patterns\/show\/4018\" target=\"_blank\" rel=\"noopener\">Megan<\/a>&#8222;, und kaufte es. Das Zusammenkleben der Seiten und Auskopieren dauert ja immer genauso lange wie das Zuschneiden und N\u00e4hen, aber da es sich nur um ein Testmodell handelt, war auch das heute recht schnell erledigt.<\/p>\n<p><img data-recalc-dims=\"1\" loading=\"lazy\" decoding=\"async\" class=\"aligncenter\" title=\"Muslin Megan vorne\" src=\"https:\/\/i0.wp.com\/www.capricorna.de\/naehen\/blogpics\/muslin_6044_skort1.jpg?resize=288%2C400\" alt=\"\" width=\"288\" height=\"400\" \/><\/p>\n<p>Ich hatte zuerst nur die Beinteile zusammengen\u00e4ht und anprobiert, und dann hab ich das Teil gedanklich schon wieder aussortiert, weil es viiiiiiel zu weit war und im R\u00fccken mindestens zehn Zentimeter aufklaffte. Komisch, dachte ich, solche Abweichungen bin ich von Burda gar nicht gew\u00f6hnt. Bis mir dann beim n\u00e4chsten Blick auf meinen Browser mit der ge\u00f6ffneten Modell-Seite auffiel, dass der Bund ja sehr hoch ist. Also doch noch schnell den Bund angen\u00e4ht und siehe da, passt fast perfekt. Man sollte doch \u00f6fter mal vorher genauer hinsehen. \ud83d\ude09<\/p>\n<p>Auf der burdastyle-Website werden Twill oder Baumwolle mit Stretch empfohlen, aber ich denke, unbedingt n\u00f6tig w\u00e4re das nicht. Auch der Schritt liegt bequem tief, bei mir mindestens f\u00fcnf Zentimeter tiefer, wie bei Hosenr\u00f6cken \u00fcblich. Ich sehe also wirklich keinen Grund, warum man dieses Modell nicht auch aus einem nicht-dehnbaren Stoff machen k\u00f6nnte. In der gedruckten Anleitung steht dann interessanterweise auch nichts mehr von Stretch, sondern dort wird Wollstoff oder Flanell empfohlen. Also auch als Herbstmodell gut zu gebrauchen.<\/p>\n<p>Da mir auf dem Modellfoto die Beine zu kurz waren, habe ich vor dem Zuschneiden den Schnitt um 13 cm verl\u00e4ngert. Da ich auch hier den Bund nicht einkalkuliert hatte, kann ich von meiner Verl\u00e4ngerung nun wieder ein ganzes St\u00fcck abschneiden. Es muss noch einen Tick enger werden in der Taille, und ich \u00fcberlege, an den Seitenn\u00e4hten noch ein klein wenig Weite herauszunehmen, obwohl mein Mann mir glaubhaft versichert, dass es mich auch jetzt nicht dick aussehen l\u00e4sst. Aber soviel Stoff um mich herum bin ich einfach nicht gewohnt, deswegen \u00a0sieht es f\u00fcr mich vielleicht einen Hauch seltsam aus.<\/p>\n<p>Ich \u00fcberlege, daf\u00fcr einen flie\u00dfenden Viskose-Stretch zu verwenden, den ich mir vor &#8211; nur! &#8211; zwei Jahren bei Korst mal zugelegt hatte. Gut m\u00f6glich, dass es dann noch etwas enger werden muss, denn meine gekauften Stretch-Stoffe haben, im Gegensatz zu fertig gekauften Hosen aus Stretch, immer die Angewohnheit, beim Tragen viiiiel zu weit auszudehnen. (Und ja, nat\u00fcrlich verst\u00e4rke ich den Bund mit Vlieseline.) Seltsam das. Und der flie\u00dfende Stoff wird vermutlich daf\u00fcr sorgen, dass es noch etwas schmaler fallen wird. Ich hoffe, es wird dann trotzdem noch gut aussehen, oder ist das zu risikoreich?<\/p>\n<p><img data-recalc-dims=\"1\" loading=\"lazy\" decoding=\"async\" class=\"aligncenter\" title=\"Muslin Megan hinten\" src=\"https:\/\/i0.wp.com\/www.capricorna.de\/naehen\/blogpics\/muslin_6044_skort2.jpg?resize=218%2C400\" alt=\"\" width=\"218\" height=\"400\" \/><\/p>\n<p>Hier nochmal die R\u00fcckansicht, mit hektisch abgesteckten Beinen und nicht umgeklappter oberer Bundkante. F\u00fcr flache Hintern wirken solche Falten ja Wunder, wie ich schon <a title=\"stichelstube.capricorna.de - Fr\u00fchlingsgef\u00fchle\" href=\"http:\/\/stichelstube.capricorna.de\/wordpress\/2009\/02\/28\/fruhlingsgefuhle\/\" target=\"_blank\" rel=\"noopener\">bei diesem Rock<\/a> festgestellt hatte. \ud83d\ude00 (Der \u00fcbrigens auch nicht gen\u00e4ht wurde, mangels Zeit, Lust und anderer Projekte.)<\/p>\n<p>In der hinteren mittleren Naht sitzt ein Rei\u00dfverschluss; der Bundverschluss vorne ist nur ein Fake. Ich bin noch nicht sicher, ob ich das sch\u00fcrzen\u00e4hnliche Rock-Panel vorne so lasse, oder doch lieber das klassisch seitlich angesetzte Skort-Panel mache. Mal sehen.<!--:--><!--:en-->Sewing a skort, i.e. a shorts with a front (and optional back) panel simulating a skirt, has been a long time entry on my sewing wish list, and when I saw the neat &#8222;<a title=\"burdastyle.com - Megan Skort\" href=\"http:\/\/www.burdastyle.com\/patterns\/show\/4018\" target=\"_blank\" rel=\"noopener\">Megan<\/a>&#8222;-model on the burdastyle-Website, I decided to give it a try.<\/p>\n<p>What I don\u00b4t like much about those download-patterns is the time consuming work of glueing the sheets together; but cutting and sewing the muslin went quite fast today.<\/p>\n<p><img data-recalc-dims=\"1\" loading=\"lazy\" decoding=\"async\" style=\"display: block; margin-left: auto; margin-right: auto; border: 0px initial initial;\" title=\"Muslin Megan vorne\" src=\"https:\/\/i0.wp.com\/www.capricorna.de\/naehen\/blogpics\/muslin_6044_skort1.jpg?resize=288%2C400\" alt=\"\" width=\"288\" height=\"400\" \/><\/p>\n<p>On the website they recommend twill, or cotton with slight stretch. Strange enough, in the printed instructions you receive after buying the model, the recommendation reads wool or flannel, no word about stretch, so this would also make a good autumn pattern in these more cosy fabrics, I think.<\/p>\n<p>I lengthened the pattern at first for 13 cm, but didn\u00b4t consider the very wide waistband when measuring the legs, so I can cut off a good part of the extension again. Oh well. Overall, it fits quite well, perhaps a tad too wide, considering the stretch-viscose I have in mind for this one. I think it should fit close to the body in the waist, to weigh out the very wide legs, and create a kind of old fashioned, curvy silhouette. The pleats, especially those two in the back parts, work wonders for a flat rear, I discovered. A definite recommendation for everyone with this issue.<\/p>\n<p><img data-recalc-dims=\"1\" loading=\"lazy\" decoding=\"async\" style=\"display: block; margin-left: auto; margin-right: auto; border: 0px initial initial;\" title=\"Muslin Megan hinten\" src=\"https:\/\/i0.wp.com\/www.capricorna.de\/naehen\/blogpics\/muslin_6044_skort2.jpg?resize=218%2C400\" alt=\"\" width=\"218\" height=\"400\" \/><\/p>\n<p>Please ignore the hastily pinned legs and the muddled waistband!<\/p>\n<p>My considered stretch viscose is very drapey, and will perhaps change the look of this model considerably because of its weight. Not sure if this is the right fabric for this model; I don\u00b4t want to mess it up. Have to muse on that one a while, to make sure&#8230;<\/p>\n<p>I think this model will look best paired with a tighter top, as seen on burdastyle; you shouldn\u00b4t wear something too wide in the top half, to avoid looking like a christmas cracker. \ud83d\ude09<!--:--><\/p>\n","protected":false},"excerpt":{"rendered":"<p>Hier direkt eine Ausf\u00fchrung meines gestrigen guten Vorsatzes, \u00f6fter mal schnell ein Nesselmodell eines interessantes Schnittes zu machen. Mit einem Skort lieb\u00e4ugele ich ja schon seit Jahren, bin aber nie zu Potte gekommen. Bei burdastyle sah ich neulich das Modell &#8222;Megan&#8222;, und kaufte es. Das Zusammenkleben der Seiten und Auskopieren dauert ja immer genauso lange &hellip; <a href=\"https:\/\/stichelstube.capricorna.de\/wordpress\/2009\/08\/01\/testmodell-skort-megan\/\" class=\"more-link\"><span class=\"screen-reader-text\">\u201eSkort Megan\u201c <\/span>weiterlesen<\/a><\/p>\n","protected":false},"author":2,"featured_media":0,"comment_status":"open","ping_status":"open","sticky":false,"template":"","format":"standard","meta":{"jetpack_post_was_ever_published":false,"_jetpack_newsletter_access":"","_jetpack_dont_email_post_to_subs":false,"_jetpack_newsletter_tier_id":0,"_jetpack_memberships_contains_paywalled_content":false,"_jetpack_memberships_contains_paid_content":false,"footnotes":"","jetpack_publicize_message":"","jetpack_publicize_feature_enabled":true,"jetpack_social_post_already_shared":false,"jetpack_social_options":{"image_generator_settings":{"template":"highway","default_image_id":0,"font":"","enabled":false},"version":2}},"categories":[1],"tags":[],"class_list":["post-617","post","type-post","status-publish","format-standard","hentry","category-allgemein"],"jetpack_publicize_connections":[],"jetpack_featured_media_url":"","jetpack_sharing_enabled":true,"jetpack_shortlink":"https:\/\/wp.me\/p6Znca-9X","jetpack-related-posts":[{"id":922,"url":"https:\/\/stichelstube.capricorna.de\/wordpress\/2012\/02\/19\/fahrrad-skort\/","url_meta":{"origin":617,"position":0},"title":"Fahrrad-Skort","author":"Kerstin","date":"19. Februar 2012","format":false,"excerpt":"Ein Bild gibt es noch nicht, weil der Stoff dunkelblau ist, aber bevor ich wieder vergesse, ihn komplett zu erw\u00e4hnen, will ich doch kurz mal schreiben, dass mein Hosenrock-Skort fertig ist. :) Ein Skort ist eine Mischung aus Shorts und Rock; untendrunter ist eine kurze Hose, und vorne (manchmal auch\u2026","rel":"","context":"In &quot;Fertig&quot;","block_context":{"text":"Fertig","link":"https:\/\/stichelstube.capricorna.de\/wordpress\/category\/fertig\/"},"img":{"alt_text":"","src":"","width":0,"height":0},"classes":[]},{"id":627,"url":"https:\/\/stichelstube.capricorna.de\/wordpress\/2009\/09\/05\/zwischenmeldung\/","url_meta":{"origin":617,"position":1},"title":"Zwischenmeldung","author":"Kerstin","date":"5. September 2009","format":false,"excerpt":"Nicht, dass ihr denkt, ich w\u00e4re unt\u00e4tig; es gibt nur nicht viel bloggenswertes zu berichten. Seit einigen Tagen besch\u00e4ftige ich mich mit dem Skort Megan, der in den letzten Z\u00fcgen der Verarbeitung liegt. Das sch\u00f6ne Wetter scheint jetzt zwar vorbei zu sein, aber was soll\u00b4s... ;) Au\u00dferdem habe ich einen\u2026","rel":"","context":"In &quot;Allgemein&quot;","block_context":{"text":"Allgemein","link":"https:\/\/stichelstube.capricorna.de\/wordpress\/category\/allgemein\/"},"img":{"alt_text":"","src":"","width":0,"height":0},"classes":[]},{"id":115,"url":"https:\/\/stichelstube.capricorna.de\/wordpress\/2004\/06\/24\/115\/","url_meta":{"origin":617,"position":2},"title":"Im Moment n\u00e4he ich wieder\u2026","author":"Kerstin","date":"24. Juni 2004","format":false,"excerpt":"Im Moment n\u00e4he ich wieder mal gar nicht schnell; das T-Shirt ist immer noch nicht fertig. Gut, wir waren jetzt auch vier Tage in einem sehr erholsamen Kurz-Urlaub, aber in den Tagen davor hatte ich auch nicht soviel Lust. Aber jetzt wieder :-) Da wir in der N\u00e4he von G\u00f6ttingen\u2026","rel":"","context":"In &quot;Allgemein&quot;","block_context":{"text":"Allgemein","link":"https:\/\/stichelstube.capricorna.de\/wordpress\/category\/allgemein\/"},"img":{"alt_text":"","src":"","width":0,"height":0},"classes":[]},{"id":117,"url":"https:\/\/stichelstube.capricorna.de\/wordpress\/2004\/06\/27\/117\/","url_meta":{"origin":617,"position":3},"title":"Heute habe ich ein wenig\u2026","author":"Kerstin","date":"27. Juni 2004","format":false,"excerpt":"Heute habe ich ein wenig Zeit in die Hose investiert, die ich f\u00fcr den Skort brauche. Ich hatte einen Skort-Schnitt aus einer alten Burda kopiert, erstmal nur das Hosenteil, weil mir schon klar war, dass ich einiges w\u00fcrde \u00e4ndern m\u00fcssen. So war es dann auch. Der Schnitt hatte Bundfalten, die\u2026","rel":"","context":"In &quot;Allgemein&quot;","block_context":{"text":"Allgemein","link":"https:\/\/stichelstube.capricorna.de\/wordpress\/category\/allgemein\/"},"img":{"alt_text":"","src":"","width":0,"height":0},"classes":[]},{"id":1310,"url":"https:\/\/stichelstube.capricorna.de\/wordpress\/2016\/09\/18\/frischer-wind-im-kleiderschrank\/","url_meta":{"origin":617,"position":4},"title":"Frischer Wind im Kleiderschrank","author":"Kerstin","date":"18. September 2016","format":false,"excerpt":"Hier nun, wie versprochen, zwei meiner k\u00fcrzlich\u00a0vor mehreren Wochen fertig gestellten St\u00fccke: Zwei ganz unspektakul\u00e4re T-Shirts. :D Ich hatte dieses Jahr gef\u00fchlt nicht so viel Gl\u00fcck mit meiner N\u00e4herei und habe einige Ufos angesammelt. Eine Zeitlang dachte ich, dass ich gar nichts tragbares mehr hin kriege und mich vielleicht besser\u2026","rel":"","context":"In &quot;Alltagsnotizien&quot;","block_context":{"text":"Alltagsnotizien","link":"https:\/\/stichelstube.capricorna.de\/wordpress\/category\/alltagsnotizien\/"},"img":{"alt_text":"","src":"https:\/\/i0.wp.com\/www.capricorna.de\/naehen\/blogpics\/2Shirts.jpg?resize=350%2C200&ssl=1","width":350,"height":200,"srcset":"https:\/\/i0.wp.com\/www.capricorna.de\/naehen\/blogpics\/2Shirts.jpg?resize=350%2C200&ssl=1 1x, https:\/\/i0.wp.com\/www.capricorna.de\/naehen\/blogpics\/2Shirts.jpg?resize=525%2C300&ssl=1 1.5x"},"classes":[]},{"id":334,"url":"https:\/\/stichelstube.capricorna.de\/wordpress\/2007\/03\/10\/steckenpferd-beute\/","url_meta":{"origin":617,"position":5},"title":"Steckenpferd-Beute","author":"Kerstin","date":"10. M\u00e4rz 2007","format":false,"excerpt":"Heute war ich von der schnellen Truppe - ich bin schon wieder zur\u00fcck von der Steckenpferd-Messe in K\u00f6ln!Die \"Anreise\", wenn man das so nennen kann, habe ich mit der Stra\u00dfenbahn gemacht. Den Stre\u00df mit dem Auto wollte ich mir nicht antun, und das Wetter ist zwar gut genug, um mit\u2026","rel":"","context":"In &quot;Die Stichelstube unterwegs&quot;","block_context":{"text":"Die Stichelstube unterwegs","link":"https:\/\/stichelstube.capricorna.de\/wordpress\/category\/veranstaltungen\/"},"img":{"alt_text":"","src":"","width":0,"height":0},"classes":[]}],"_links":{"self":[{"href":"https:\/\/stichelstube.capricorna.de\/wordpress\/wp-json\/wp\/v2\/posts\/617","targetHints":{"allow":["GET"]}}],"collection":[{"href":"https:\/\/stichelstube.capricorna.de\/wordpress\/wp-json\/wp\/v2\/posts"}],"about":[{"href":"https:\/\/stichelstube.capricorna.de\/wordpress\/wp-json\/wp\/v2\/types\/post"}],"author":[{"embeddable":true,"href":"https:\/\/stichelstube.capricorna.de\/wordpress\/wp-json\/wp\/v2\/users\/2"}],"replies":[{"embeddable":true,"href":"https:\/\/stichelstube.capricorna.de\/wordpress\/wp-json\/wp\/v2\/comments?post=617"}],"version-history":[{"count":4,"href":"https:\/\/stichelstube.capricorna.de\/wordpress\/wp-json\/wp\/v2\/posts\/617\/revisions"}],"predecessor-version":[{"id":2042,"href":"https:\/\/stichelstube.capricorna.de\/wordpress\/wp-json\/wp\/v2\/posts\/617\/revisions\/2042"}],"wp:attachment":[{"href":"https:\/\/stichelstube.capricorna.de\/wordpress\/wp-json\/wp\/v2\/media?parent=617"}],"wp:term":[{"taxonomy":"category","embeddable":true,"href":"https:\/\/stichelstube.capricorna.de\/wordpress\/wp-json\/wp\/v2\/categories?post=617"},{"taxonomy":"post_tag","embeddable":true,"href":"https:\/\/stichelstube.capricorna.de\/wordpress\/wp-json\/wp\/v2\/tags?post=617"}],"curies":[{"name":"wp","href":"https:\/\/api.w.org\/{rel}","templated":true}]}}