{"id":645,"date":"2009-10-25T19:58:28","date_gmt":"2009-10-25T17:58:28","guid":{"rendered":"http:\/\/stichelstube.capricorna.de\/wordpress\/?p=645"},"modified":"2009-10-25T19:58:28","modified_gmt":"2009-10-25T17:58:28","slug":"der-winter-kommt","status":"publish","type":"post","link":"https:\/\/stichelstube.capricorna.de\/wordpress\/2009\/10\/25\/der-winter-kommt\/","title":{"rendered":"Der Winter kommt&#8230;"},"content":{"rendered":"<p>Eine Stunde nach dem Aufstehen fiel mir dann auch wieder ein, dass heute ja Zeitumstellung ist. Der Winter ist jetzt noch ein St\u00fcck n\u00e4her ger\u00fcckt, obwohl es in den letzten Tagen ja gottseidank wieder etwas w\u00e4rmer geworden ist; heute hat sich sogar die Sonne mal kurz blicken lassen.<\/p>\n<p>Nach dem Kissen-N\u00e4hmarathon habe ich eine kleine Auszeit vom N\u00e4hen gebraucht, aber jetzt kommt die Lust so langsam wieder. In den letzten Tagen hat sich an der Ufo-Front wieder etwas getan; ich hoffe, noch in diesem Jahr die Franzius-Jacke endlich fertigstellen zu k\u00f6nnen. \ud83d\ude00<\/p>\n<p>Hier mal ein Zwischenstand; es fehlen &#8222;nur&#8220; noch die \u00c4rmel:<\/p>\n<figure style=\"width: 284px\" class=\"wp-caption aligncenter\"><img data-recalc-dims=\"1\" loading=\"lazy\" decoding=\"async\" title=\"Franzius-Jacke Zwischenstand\" src=\"https:\/\/i0.wp.com\/www.capricorna.de\/naehen\/blogpics\/franzius_1.jpg?resize=284%2C400\" alt=\"Franzius-Jacke Zwischenstand\" width=\"284\" height=\"400\" \/><figcaption class=\"wp-caption-text\">Franzius-Jacke Zwischenstand<\/figcaption><\/figure>\n<p>Die \u00c4rmel sind eigentlich recht einfach; ohne Mehrweite einfach einsetzen, aber ich habe trotzdem ein wenig Bammel davor und sie deswegen bis zuletzt aufgeschoben. Vermutlich stelle ich, wenn ich fertig bin, wieder mal fest, dass es doch gar nicht so schwierig war; ich kenne mich ja schon. \ud83d\ude09<\/p>\n<p>Beim Tragen gerade habe ich festgestellt, dass der Feinloden sehr leicht ist, aber trotzdem gut w\u00e4rmt. Ein sch\u00f6nes Material. Die auff\u00e4llig pinkfarben eingefassten N\u00e4hte und S\u00e4ume sind f\u00fcr mich fast schon zu extravagant; ich weiss noch nicht, wo ich dieses Teil anziehen werde oder w\u00fcrde, aber dezent wollte ich es trotzdem nicht machen. Zwei Herzen schlagen, ach, in meiner Brust&#8230;<\/p>\n<p>In den n\u00e4chsten Wochen bin ich mal gespannt, wieviel Zeit ich zum N\u00e4hen finde, weil ab morgen eine beruflich motivierte Fortbildung startet, mit zweimal w\u00f6chentlich drei Stunden abends nach der Arbeit. Aber den Freitag habe ich ja weiterhin frei, also hoffe ich das Beste. Ich m\u00f6chte mir n\u00e4mlich dieses Jahr ein schickes Weihnachts-Outfit machen, mit einem Rock und einem Pailletten-Shirt. Die Stoffe hatte ich letztes Jahr schon gekauft, aber nicht verarbeitet. Den Rock hatte ich schon mal gen\u00e4ht, das sollte kein Problem sein; ich werde wegen der Gr\u00f6\u00dfenanpassung aber trotzdem ein Probemodell machen, da ich in den letzten Jahren etwas mehr Sitzfleisch bekommen habe. *seufz* Und bei dem Pailletten-Stoff muss ich mal gucken, wie ich den am besten n\u00e4he; die Pailletten sind aufgen\u00e4ht, lassen sich also entlang der N\u00e4hte abtrennen, so dass ich keine Nadeln ruinieren werde, aber aufwendig ist es nat\u00fcrlich deswegen auch.<\/p>\n","protected":false},"excerpt":{"rendered":"<p>Eine Stunde nach dem Aufstehen fiel mir dann auch wieder ein, dass heute ja Zeitumstellung ist. Der Winter ist jetzt noch ein St\u00fcck n\u00e4her ger\u00fcckt, obwohl es in den letzten Tagen ja gottseidank wieder etwas w\u00e4rmer geworden ist; heute hat sich sogar die Sonne mal kurz blicken lassen. Nach dem Kissen-N\u00e4hmarathon habe ich eine kleine &hellip; <a href=\"https:\/\/stichelstube.capricorna.de\/wordpress\/2009\/10\/25\/der-winter-kommt\/\" class=\"more-link\"><span class=\"screen-reader-text\">\u201eDer Winter kommt&#8230;\u201c <\/span>weiterlesen<\/a><\/p>\n","protected":false},"author":2,"featured_media":0,"comment_status":"open","ping_status":"open","sticky":false,"template":"","format":"standard","meta":{"jetpack_post_was_ever_published":false,"_jetpack_newsletter_access":"","_jetpack_dont_email_post_to_subs":false,"_jetpack_newsletter_tier_id":0,"_jetpack_memberships_contains_paywalled_content":false,"_jetpack_memberships_contains_paid_content":false,"footnotes":"","jetpack_publicize_message":"","jetpack_publicize_feature_enabled":true,"jetpack_social_post_already_shared":false,"jetpack_social_options":{"image_generator_settings":{"template":"highway","default_image_id":0,"font":"","enabled":false},"version":2}},"categories":[1],"tags":[],"class_list":["post-645","post","type-post","status-publish","format-standard","hentry","category-allgemein"],"jetpack_publicize_connections":[],"jetpack_featured_media_url":"","jetpack_sharing_enabled":true,"jetpack_shortlink":"https:\/\/wp.me\/p6Znca-ap","jetpack-related-posts":[{"id":654,"url":"https:\/\/stichelstube.capricorna.de\/wordpress\/2009\/11\/19\/neues-von-der-ufo-front\/","url_meta":{"origin":645,"position":0},"title":"Neues von der Ufo-Front","author":"Kerstin","date":"19. November 2009","format":false,"excerpt":"Wegen meiner Fortbildung an zwei Abenden in der Woche komme ich im Moment irgendwie zu nichts. Deswegen gestaltet sich auch der Abbau des Ufo-Berges immer noch schwierig. M\u00fchsam ern\u00e4hrt sich das Eichh\u00f6rnchen, aber Schritt f\u00fcr Schritt n\u00e4hert sich doch die Franzius-Jacke ihrer Fertigstellung. Die \u00c4rmel habe ich jetzt endlich auch\u2026","rel":"","context":"In &quot;Allgemein&quot;","block_context":{"text":"Allgemein","link":"https:\/\/stichelstube.capricorna.de\/wordpress\/category\/allgemein\/"},"img":{"alt_text":"Franzius-Jacke Zwischenstand","src":"https:\/\/i0.wp.com\/www.capricorna.de\/naehen\/blogpics\/franzius_2.jpg?resize=350%2C200","width":350,"height":200},"classes":[]},{"id":595,"url":"https:\/\/stichelstube.capricorna.de\/wordpress\/2009\/06\/29\/ufo-tag\/","url_meta":{"origin":645,"position":1},"title":"Ufo-Tag","author":"Kerstin","date":"29. Juni 2009","format":false,"excerpt":"Angeregt durch einen Beitrag im HS-Forum und genervt von meinem vollgestellten N\u00e4hzimmer, starte ich wieder mal einen neuen Versuch, mich durch meine Ufos zu k\u00e4mpfen. Mein blog-Archiv verr\u00e4t mir, dass meine letzte Ufo-Aktion schlappe zwei Jahre her ist. Und kaum sind Hochzeit, Jobsuche, Umzug und Einleben in der neuen Stadt\u2026","rel":"","context":"In &quot;Ufo&quot;","block_context":{"text":"Ufo","link":"https:\/\/stichelstube.capricorna.de\/wordpress\/category\/ufo\/"},"img":{"alt_text":"Ufo - Franzius-Jacke","src":"https:\/\/i0.wp.com\/www.capricorna.de\/naehen\/blogpics\/Ufo_06_2009_1.jpg?resize=350%2C200","width":350,"height":200},"classes":[]},{"id":592,"url":"https:\/\/stichelstube.capricorna.de\/wordpress\/2009\/06\/19\/heile-heile-pfaffle\/","url_meta":{"origin":645,"position":2},"title":"Heile, heile Pf\u00e4ffle&#8230;","author":"Kerstin","date":"19. Juni 2009","format":false,"excerpt":"Vor ein paar Wochen zickte meine N\u00e4hmaschine auf einmal rum und brachte keinen vern\u00fcnftigen Zickzackstich mehr zustande. Da sowieso wieder mal eine Inspektion anstand, brachte ich sie zum H\u00e4ndler, und nach kaum drei Wochen ungeduldigen Nichtstuns hatte ich sie dann endlich wieder zur\u00fcck. Gottseidank war nichts wirklich kaputt, und mit\u2026","rel":"","context":"In &quot;Allgemein&quot;","block_context":{"text":"Allgemein","link":"https:\/\/stichelstube.capricorna.de\/wordpress\/category\/allgemein\/"},"img":{"alt_text":"","src":"https:\/\/i0.wp.com\/www.capricorna.de\/naehen\/blogpics\/knappkantig.jpg?resize=350%2C200","width":350,"height":200},"classes":[]},{"id":333,"url":"https:\/\/stichelstube.capricorna.de\/wordpress\/2007\/03\/09\/fadenfuhrung-franzius-borte\/","url_meta":{"origin":645,"position":3},"title":"Fadenf\u00fchrung + Franzius-Borte","author":"Kerstin","date":"9. M\u00e4rz 2007","format":false,"excerpt":"Seit ich die Ovi habe, verwende ich deren Garnkonen \u00f6fter auch in der normalen N\u00e4hmaschine. Beziehungsweise nicht in, sondern an; die Kone passt ja nicht auf die kleine Pfaff ;-)Bislang hatte ich dabei noch keine wirklich gute L\u00f6sung gefunden, damit sich der Faden ungest\u00f6rt abwickeln kann, und andererseits, wenn ich\u2026","rel":"","context":"In &quot;Allgemein&quot;","block_context":{"text":"Allgemein","link":"https:\/\/stichelstube.capricorna.de\/wordpress\/category\/allgemein\/"},"img":{"alt_text":"","src":"","width":0,"height":0},"classes":[]},{"id":171,"url":"https:\/\/stichelstube.capricorna.de\/wordpress\/2004\/12\/25\/171\/","url_meta":{"origin":645,"position":4},"title":"Endlich, am ersten Weihnachtstag, komme\u2026","author":"Kerstin","date":"25. Dezember 2004","format":false,"excerpt":"Endlich, am ersten Weihnachtstag, komme ich mal wieder zum N\u00e4hen! Ich habe zwar schon seit dem 17. Urlaub, aber irgendwas war immer - am Wochenende waren wir drei Tage weg, einen Tag habe ich mal nichts getan, dann war das Auto kaputt, und ich habe einen Tag in der Werkstatt\u2026","rel":"","context":"In &quot;Allgemein&quot;","block_context":{"text":"Allgemein","link":"https:\/\/stichelstube.capricorna.de\/wordpress\/category\/allgemein\/"},"img":{"alt_text":"","src":"","width":0,"height":0},"classes":[]},{"id":498,"url":"https:\/\/stichelstube.capricorna.de\/wordpress\/2009\/01\/19\/fleece-jacke-mit-anderungen\/","url_meta":{"origin":645,"position":5},"title":"Fleece-Jacke, mit \u00c4nderungen","author":"Kerstin","date":"19. Januar 2009","format":false,"excerpt":"So, mein neues Projekt steht an, und das wird mal etwas aufw\u00e4ndiger. Ausgangsbasis ist das Modell # 129 aus der September-Ausgabe der Burda von 2003. (Leider gibt es dazu noch kein Bild im Online-Archiv von Burda.) Der Schnitt ist sehr klassisch, mit Prinzessn\u00e4hten vorne und hinten und einem zweiteiligen \u00c4rmel.\u2026","rel":"","context":"In &quot;Allgemein&quot;","block_context":{"text":"Allgemein","link":"https:\/\/stichelstube.capricorna.de\/wordpress\/category\/allgemein\/"},"img":{"alt_text":"","src":"","width":0,"height":0},"classes":[]}],"_links":{"self":[{"href":"https:\/\/stichelstube.capricorna.de\/wordpress\/wp-json\/wp\/v2\/posts\/645","targetHints":{"allow":["GET"]}}],"collection":[{"href":"https:\/\/stichelstube.capricorna.de\/wordpress\/wp-json\/wp\/v2\/posts"}],"about":[{"href":"https:\/\/stichelstube.capricorna.de\/wordpress\/wp-json\/wp\/v2\/types\/post"}],"author":[{"embeddable":true,"href":"https:\/\/stichelstube.capricorna.de\/wordpress\/wp-json\/wp\/v2\/users\/2"}],"replies":[{"embeddable":true,"href":"https:\/\/stichelstube.capricorna.de\/wordpress\/wp-json\/wp\/v2\/comments?post=645"}],"version-history":[{"count":2,"href":"https:\/\/stichelstube.capricorna.de\/wordpress\/wp-json\/wp\/v2\/posts\/645\/revisions"}],"predecessor-version":[{"id":647,"href":"https:\/\/stichelstube.capricorna.de\/wordpress\/wp-json\/wp\/v2\/posts\/645\/revisions\/647"}],"wp:attachment":[{"href":"https:\/\/stichelstube.capricorna.de\/wordpress\/wp-json\/wp\/v2\/media?parent=645"}],"wp:term":[{"taxonomy":"category","embeddable":true,"href":"https:\/\/stichelstube.capricorna.de\/wordpress\/wp-json\/wp\/v2\/categories?post=645"},{"taxonomy":"post_tag","embeddable":true,"href":"https:\/\/stichelstube.capricorna.de\/wordpress\/wp-json\/wp\/v2\/tags?post=645"}],"curies":[{"name":"wp","href":"https:\/\/api.w.org\/{rel}","templated":true}]}}