{"id":703,"date":"2010-05-03T22:36:52","date_gmt":"2010-05-03T20:36:52","guid":{"rendered":"http:\/\/stichelstube.capricorna.de\/wordpress\/?p=703"},"modified":"2021-12-25T11:50:30","modified_gmt":"2021-12-25T10:50:30","slug":"meine-neue-nahmaschine","status":"publish","type":"post","link":"https:\/\/stichelstube.capricorna.de\/wordpress\/2010\/05\/03\/meine-neue-nahmaschine\/","title":{"rendered":"Meine neue N\u00e4hmaschine"},"content":{"rendered":"<p><!--:de-->&#8230; hat 55 PS! \ud83d\ude00<\/p>\n<p><img data-recalc-dims=\"1\" loading=\"lazy\" decoding=\"async\" class=\"aligncenter\" title=\"Twingo\" src=\"https:\/\/i0.wp.com\/www.capricorna.de\/diverses\/twingo.jpg?resize=350%2C262\" alt=\"\" width=\"350\" height=\"262\" \/><\/p>\n<p>Ja, zugegeben, die Bernina 830 w\u00e4re mir auch lieber gewesen&#8230; Aber f\u00fcr den gleichen Preis einen fast neuen fahrbaren Untersatz mit Klimaanlage ist auch nicht schlecht, oder? \ud83d\ude09<\/p>\n<p>Nein, die Farbe ist in echt nicht ganz so schlimm. Ja, ich hab mich schon dran gew\u00f6hnt. Auf dem Supermarktparkplatz hat sie sogar echte Vorteile, habe ich festgestellt. Und demn\u00e4chst bekommt der Kleine auch noch Wimpern f\u00fcr die &#8222;Augen&#8220; &#8211; das ist ein Frauenauto; was sein muss, muss sein. \ud83d\ude00 &#8211; Ist er nicht s\u00fc\u00df? *schmacht*<!--:--><!--:en--><\/p>\n<p><!--:--><\/p>\n","protected":false},"excerpt":{"rendered":"<p>&#8230; hat 55 PS! \ud83d\ude00 Ja, zugegeben, die Bernina 830 w\u00e4re mir auch lieber gewesen&#8230; Aber f\u00fcr den gleichen Preis einen fast neuen fahrbaren Untersatz mit Klimaanlage ist auch nicht schlecht, oder? \ud83d\ude09 Nein, die Farbe ist in echt nicht ganz so schlimm. Ja, ich hab mich schon dran gew\u00f6hnt. Auf dem Supermarktparkplatz hat sie &hellip; <a href=\"https:\/\/stichelstube.capricorna.de\/wordpress\/2010\/05\/03\/meine-neue-nahmaschine\/\" class=\"more-link\"><span class=\"screen-reader-text\">\u201eMeine neue N\u00e4hmaschine\u201c <\/span>weiterlesen<\/a><\/p>\n","protected":false},"author":2,"featured_media":0,"comment_status":"open","ping_status":"open","sticky":false,"template":"","format":"standard","meta":{"jetpack_post_was_ever_published":false,"_jetpack_newsletter_access":"","_jetpack_dont_email_post_to_subs":false,"_jetpack_newsletter_tier_id":0,"_jetpack_memberships_contains_paywalled_content":false,"_jetpack_memberships_contains_paid_content":false,"footnotes":"","jetpack_publicize_message":"","jetpack_publicize_feature_enabled":true,"jetpack_social_post_already_shared":false,"jetpack_social_options":{"image_generator_settings":{"template":"highway","default_image_id":0,"font":"","enabled":false},"version":2}},"categories":[9],"tags":[],"class_list":["post-703","post","type-post","status-publish","format-standard","hentry","category-alltagsnotizien"],"jetpack_publicize_connections":[],"jetpack_featured_media_url":"","jetpack_sharing_enabled":true,"jetpack_shortlink":"https:\/\/wp.me\/p6Znca-bl","jetpack-related-posts":[{"id":357,"url":"https:\/\/stichelstube.capricorna.de\/wordpress\/2007\/10\/11\/challenge-ergebnisse-teilweise\/","url_meta":{"origin":703,"position":0},"title":"Challenge-Ergebnisse, teilweise","author":"Kerstin","date":"11. Oktober 2007","format":false,"excerpt":"Ich bin ja noch was schuldig...Da ich wider Erwarten gerade mal eine halbe Stunde Zeit habe, zeige ich schon mal die Fotos meiner Ergebnisse von der Paris-Aachen-Challenge. Zur Entstehungsgeschichte erz\u00e4hle ich dann sp\u00e4ter was, aber da ich in der n\u00e4chsten Woche schon komplett ausgebucht bin, will ich wenigstens schon mal\u2026","rel":"","context":"In &quot;Allgemein&quot;","block_context":{"text":"Allgemein","link":"https:\/\/stichelstube.capricorna.de\/wordpress\/category\/allgemein\/"},"img":{"alt_text":"","src":"","width":0,"height":0},"classes":[]},{"id":1060,"url":"https:\/\/stichelstube.capricorna.de\/wordpress\/2015\/10\/08\/pariser-hirsch\/","url_meta":{"origin":703,"position":1},"title":"Pariser Hirsch","author":"Kerstin","date":"8. Oktober 2015","format":false,"excerpt":"Da ich mit meinen N\u00e4h-Pl\u00e4nen f\u00fcr n\u00fctzliche Kleidung sowieso seit Jahren hoffnungslos im R\u00fcckstand bin - Hosen! Blusen! - hatte ich mir vor, \u00e4hem, zwei Jahren den Spa\u00df geg\u00f6nnt, etwas v\u00f6llig Sinnbefreites zu n\u00e4hen. Seit ich den vor nunmehr vier sechs Jahren im Burda Magazin gesehen hatte, ging er mir\u2026","rel":"","context":"In &quot;Fertig&quot;","block_context":{"text":"Fertig","link":"https:\/\/stichelstube.capricorna.de\/wordpress\/category\/fertig\/"},"img":{"alt_text":"","src":"https:\/\/i0.wp.com\/www.capricorna.de\/naehen\/pics_fertig\/20151007_hirsch.jpg?resize=350%2C200","width":350,"height":200},"classes":[]},{"id":243,"url":"https:\/\/stichelstube.capricorna.de\/wordpress\/2005\/12\/21\/243\/","url_meta":{"origin":703,"position":2},"title":"So, neu abgesteckt, mutig ein\u2026","author":"Kerstin","date":"21. Dezember 2005","format":false,"excerpt":"So, neu abgesteckt, mutig ein paar Zentimeter abgeschnitten und neu gen\u00e4ht. Jetzt ist es schon besser, aber oben ist einfach immer noch zu viel Stoff... Entweder ist die Naht ausgeleiert, oder mir fehlen an dieser Stelle einfach die entscheidenden Zentimeter Brustmuskulatur - vermutlich eher letzteres, denn auf meiner linken Seite\u2026","rel":"","context":"In &quot;Allgemein&quot;","block_context":{"text":"Allgemein","link":"https:\/\/stichelstube.capricorna.de\/wordpress\/category\/allgemein\/"},"img":{"alt_text":"","src":"","width":0,"height":0},"classes":[]},{"id":925,"url":"https:\/\/stichelstube.capricorna.de\/wordpress\/2012\/04\/04\/fruhling-lasst-sein-blaues-band\/","url_meta":{"origin":703,"position":3},"title":"Fr\u00fchling l\u00e4sst sein blaues Band&#8230;","author":"Kerstin","date":"4. April 2012","format":false,"excerpt":"... und so weiter, ihr wisst ja. Der Fr\u00fchling hat sich nach einem Intermezzo wieder verabschiedet, und wie besser die erneut dunklen, kalten Abende verbringen als vor der N\u00e4hmaschine? Herausgekommen ist ein zweiter Strickbeutel, ein kleines Oster-Mitbringsel f\u00fcr eine Verwandte ersten Grades, die neulich das Stricken wieder entdeckt hat. :D\u2026","rel":"","context":"In &quot;Fertig&quot;","block_context":{"text":"Fertig","link":"https:\/\/stichelstube.capricorna.de\/wordpress\/category\/fertig\/"},"img":{"alt_text":"","src":"https:\/\/i0.wp.com\/www.capricorna.de\/naehen\/pics_fertig\/20120404_strickbeutel.jpg?resize=350%2C200","width":350,"height":200},"classes":[]},{"id":110,"url":"https:\/\/stichelstube.capricorna.de\/wordpress\/2004\/06\/13\/110\/","url_meta":{"origin":703,"position":4},"title":"So, der \"sewers block\" ist\u2026","author":"Kerstin","date":"13. Juni 2004","format":false,"excerpt":"So, der \"sewers block\" ist \u00fcberwunden :-D Gestern, beim N\u00e4hbrunch in Aachen, habe ich mein T-Shirt fertig gestellt. Der Stoff ist wirklich sch\u00f6n :-) Und dann habe ich die Tasche angefangen, mit dem Schnitt von der amerikanischen Website. Es l\u00e4sst sich bisher gut an; nur der Velours, den ich verwende,\u2026","rel":"","context":"In &quot;Allgemein&quot;","block_context":{"text":"Allgemein","link":"https:\/\/stichelstube.capricorna.de\/wordpress\/category\/allgemein\/"},"img":{"alt_text":"","src":"","width":0,"height":0},"classes":[]},{"id":496,"url":"https:\/\/stichelstube.capricorna.de\/wordpress\/2009\/01\/18\/fertig-fur-die-sauna\/","url_meta":{"origin":703,"position":5},"title":"Fertig f\u00fcr die Sauna!","author":"Kerstin","date":"18. Januar 2009","format":false,"excerpt":"Ist mein neuer Bademantel! :D Heute waren der zweite \u00c4rmel und der Aufh\u00e4nger dran. Und \"schon\" ist er fertig ;) Hach, das ist sch\u00f6n!\u00a0 Au\u00dferdem habe ich mich heute einer weiteren Lieblings-Besch\u00e4ftigung gewidmet, n\u00e4mlich M\u00f6bel umstellen. Und wieder einmal sieht das N\u00e4hzimmer jetzt gr\u00f6\u00dfer aus als vorher - ich liebe\u2026","rel":"","context":"In &quot;Allgemein&quot;","block_context":{"text":"Allgemein","link":"https:\/\/stichelstube.capricorna.de\/wordpress\/category\/allgemein\/"},"img":{"alt_text":"","src":"","width":0,"height":0},"classes":[]}],"_links":{"self":[{"href":"https:\/\/stichelstube.capricorna.de\/wordpress\/wp-json\/wp\/v2\/posts\/703","targetHints":{"allow":["GET"]}}],"collection":[{"href":"https:\/\/stichelstube.capricorna.de\/wordpress\/wp-json\/wp\/v2\/posts"}],"about":[{"href":"https:\/\/stichelstube.capricorna.de\/wordpress\/wp-json\/wp\/v2\/types\/post"}],"author":[{"embeddable":true,"href":"https:\/\/stichelstube.capricorna.de\/wordpress\/wp-json\/wp\/v2\/users\/2"}],"replies":[{"embeddable":true,"href":"https:\/\/stichelstube.capricorna.de\/wordpress\/wp-json\/wp\/v2\/comments?post=703"}],"version-history":[{"count":5,"href":"https:\/\/stichelstube.capricorna.de\/wordpress\/wp-json\/wp\/v2\/posts\/703\/revisions"}],"predecessor-version":[{"id":2053,"href":"https:\/\/stichelstube.capricorna.de\/wordpress\/wp-json\/wp\/v2\/posts\/703\/revisions\/2053"}],"wp:attachment":[{"href":"https:\/\/stichelstube.capricorna.de\/wordpress\/wp-json\/wp\/v2\/media?parent=703"}],"wp:term":[{"taxonomy":"category","embeddable":true,"href":"https:\/\/stichelstube.capricorna.de\/wordpress\/wp-json\/wp\/v2\/categories?post=703"},{"taxonomy":"post_tag","embeddable":true,"href":"https:\/\/stichelstube.capricorna.de\/wordpress\/wp-json\/wp\/v2\/tags?post=703"}],"curies":[{"name":"wp","href":"https:\/\/api.w.org\/{rel}","templated":true}]}}