{"id":710,"date":"2010-05-29T00:09:35","date_gmt":"2010-05-28T22:09:35","guid":{"rendered":"http:\/\/stichelstube.capricorna.de\/wordpress\/?p=710"},"modified":"2021-12-25T11:50:05","modified_gmt":"2021-12-25T10:50:05","slug":"retro-hakelblumchen","status":"publish","type":"post","link":"https:\/\/stichelstube.capricorna.de\/wordpress\/2010\/05\/29\/retro-hakelblumchen\/","title":{"rendered":"Retro-H\u00e4kelbl\u00fcmchen"},"content":{"rendered":"<p><!--:de-->Die Aufl\u00f6sung des R\u00e4tsels steht ja noch aus; die wurde durch unseren Pfingstausflug nach Wien etwas verz\u00f6gert. Mein G\u00f6ttergatte hatte sich in den Kopf gesetzt, dass ich als Mitbringsel f\u00fcr unsere &#8222;Zimmerwirtin&#8220; und Freunde etwas anfertigen sollte, und da die Zeit sehr knapp war, kam ich auf die Handyladetaschen. Verziert mit den jeweiligen Anfangsbuchstaben der Vornamen:<\/p>\n<p><img data-recalc-dims=\"1\" loading=\"lazy\" decoding=\"async\" class=\"aligncenter\" title=\"Handyladetaschen\" src=\"https:\/\/i0.wp.com\/www.capricorna.de\/naehen\/blogpics\/sat.jpg?resize=400%2C215\" alt=\"Handyladetaschen\" width=\"400\" height=\"215\" \/><\/p>\n<p>F\u00fcr die Farbkombination ist \u00fcbrigens ebenfalls mein G\u00f6Ga zust\u00e4ndig; ich weise jede Schuld von mir. \ud83d\ude00<\/p>\n<p>In Wien hatte ich leider keine Gelegenheit, mir die \u00f6rtlichen Stoffh\u00e4ndler anzuschauen, was mit Hinblick auf meine hier schlummernden Vorr\u00e4te vermutlich ganz gesund war, obwohl ich zu gerne mal den Ausflug nach Kritzendorf zum M\u00fcller gemacht h\u00e4tte&#8230; Naja, kommt Zeit, kommt Flug. \ud83d\ude42<\/p>\n<p>Ein wenig \u00fcberrascht hat mich\/uns, dass an Sonn- und Feiertagen viele Gastst\u00e4tten geschlossen haben. Als Kind bin ich zwar \u00f6fters in \u00d6sterreich gewesen, aber entweder war das in den mehr l\u00e4ndlich gelegenen Urlaubsorten damals nicht so \u00fcblich, und es ist eine spezifisch wienerische Eigenart, oder ich habe es schlicht vergessen. Sehr seltsam jedenfalls, wenn man als Tourist gerne Geld loswerden m\u00f6chte, aber nicht kann. Wo das Essen dort doch so besonders lecker ist&#8230; \ud83d\ude42<\/p>\n<p>Jetzt zu den versprochenen H\u00e4kelbl\u00fcmchen. Ich hatte schon l\u00e4nger mit dem Gedanken eines altmodischen Nachthemdes gespielt, und als eine liebe Freundin mir neulich ganz tolle alte Bettw\u00e4sche mit Stickereien sowie einige H\u00e4keldeckchen schenkte, war mir nat\u00fcrlich sofort klar, was ich daraus machen wollte!<\/p>\n<p>Zuf\u00e4llig fand sich in der aktuellen Burda ein s\u00fc\u00dfer <a title=\"BuMo 6\/2010 - Zeit f\u00fcr Spitze\" href=\"http:\/\/www.burdastyle.de\/magazine\/burdastyle\/burda-style-06-2010-zeit-fuer-spitze-burda-style-06-2010_aid_3012.html\" target=\"_blank\" rel=\"noopener\">Tunika-Schnitt<\/a> (Modell 102, das letzte in dieser Strecke), den ich in der Form nie auf der Stra\u00dfe anziehen w\u00fcrde, aber f\u00fcr Nachtw\u00e4sche fand ich ihn sehr passend.<\/p>\n<p>Bei der H\u00e4keldecke hatte ich ebenfalls Gl\u00fcck; die Bl\u00fcten sind einzeln geh\u00e4kelt, und jede neue Blume wurde dann im Prozess ihrer Anfertigung an zwei Stellen mit der vorhergehenden verbunden, so dass ich eine Blume aufschneiden musste, die andere dann aber jeweils intakt blieb, und von mir ohne Gefahr der Aufl\u00f6sung aufgen\u00e4ht werden konnte.<\/p>\n<p>Damit habe ich dann heute einige Stunden verbracht. Jede Blume hat zwei &#8222;Kreise&#8220; innen; einmal den etwas dickeren, den man auf dem Foto noch erkennen kann, und ein St\u00fcck au\u00dfen dann einen schmalen Ring aus einer Reihe Luftmaschen zwischen den anderen Musterteilen. Diesen \u00e4u\u00dferen Ring habe ich jeweils\u00a0mit einem kleinen Zickzack der N\u00e4hMa aufgen\u00e4ht, und die \u00e4u\u00dferen Spitzen dann einzeln von Hand mit wenigen R\u00fcckstichen fixiert. Ja, einzeln. Zweiunddrei\u00dfig insgesamt. Uff. Eine Arbeit f\u00fcr jemanden, der Vater und Mutter erschlagen hat, wie man bei mir zu Hause zu sagen pflegte&#8230; Aber was tut man nicht alles, um die Vorstellung Wirklichkeit werden zu lassen? Hier mal ein Foto der M\u00fche:<\/p>\n<p><img data-recalc-dims=\"1\" loading=\"lazy\" decoding=\"async\" class=\"aligncenter\" title=\"H\u00e4kelblumen, aufgen\u00e4ht\" src=\"https:\/\/i0.wp.com\/www.capricorna.de\/naehen\/blogpics\/haekelblumen_fertig.jpg?resize=400%2C230\" alt=\"H\u00e4kelblumen, aufgen\u00e4ht\" width=\"400\" height=\"230\" \/><\/p>\n<p>Beim Abn\u00e4hen der Falten unter der Passe war ich wohl etwas zu forsch, und das Vorderteil wurde zu schmal. Ich habe dann die beiden inneren Falten aufgetrennt, deswegen ist die Optik bei mir jetzt etwas anders als im Original, aber das ist ja auch nicht schlimm. \ud83d\ude42<\/p>\n<p>Ich bin mal sehr gespannt, wie sich das macht, wenn es fertig ist, und ob es wirklich als Nachtw\u00e4sche taugt. Wird Zeit, dass es Sommer wird, damit ich sowas luftiges wieder anziehen kann. \ud83d\ude42 &#8211; Der Blick von meinem N\u00e4hplatz aus dem Fenster l\u00e4sst zumindest ein wenig hoffen:<\/p>\n<p><img data-recalc-dims=\"1\" loading=\"lazy\" decoding=\"async\" class=\"aligncenter\" title=\"Blick von meinem N\u00e4hplatz nach drau\u00dfen\" src=\"https:\/\/i0.wp.com\/www.capricorna.de\/naehen\/blogpics\/ausblick_20100529.jpg?resize=237%2C400\" alt=\"Blick von meinem N\u00e4hplatz nach drau\u00dfen\" width=\"237\" height=\"400\" \/><!--:--><\/p>\n","protected":false},"excerpt":{"rendered":"<p>Die Aufl\u00f6sung des R\u00e4tsels steht ja noch aus; die wurde durch unseren Pfingstausflug nach Wien etwas verz\u00f6gert. Mein G\u00f6ttergatte hatte sich in den Kopf gesetzt, dass ich als Mitbringsel f\u00fcr unsere &#8222;Zimmerwirtin&#8220; und Freunde etwas anfertigen sollte, und da die Zeit sehr knapp war, kam ich auf die Handyladetaschen. Verziert mit den jeweiligen Anfangsbuchstaben der &hellip; <a href=\"https:\/\/stichelstube.capricorna.de\/wordpress\/2010\/05\/29\/retro-hakelblumchen\/\" class=\"more-link\"><span class=\"screen-reader-text\">\u201eRetro-H\u00e4kelbl\u00fcmchen\u201c <\/span>weiterlesen<\/a><\/p>\n","protected":false},"author":2,"featured_media":0,"comment_status":"open","ping_status":"open","sticky":false,"template":"","format":"standard","meta":{"jetpack_post_was_ever_published":false,"_jetpack_newsletter_access":"","_jetpack_dont_email_post_to_subs":false,"_jetpack_newsletter_tier_id":0,"_jetpack_memberships_contains_paywalled_content":false,"_jetpack_memberships_contains_paid_content":false,"footnotes":"","jetpack_publicize_message":"","jetpack_publicize_feature_enabled":true,"jetpack_social_post_already_shared":false,"jetpack_social_options":{"image_generator_settings":{"template":"highway","default_image_id":0,"font":"","enabled":false},"version":2}},"categories":[1],"tags":[],"class_list":["post-710","post","type-post","status-publish","format-standard","hentry","category-allgemein"],"jetpack_publicize_connections":[],"jetpack_featured_media_url":"","jetpack_sharing_enabled":true,"jetpack_shortlink":"https:\/\/wp.me\/p6Znca-bs","jetpack-related-posts":[{"id":66,"url":"https:\/\/stichelstube.capricorna.de\/wordpress\/2004\/02\/15\/66\/","url_meta":{"origin":710,"position":0},"title":"Jetzt ist unser Wochenendausflug in\u2026","author":"Kerstin","date":"15. Februar 2004","format":false,"excerpt":"Jetzt ist unser Wochenendausflug in die Gegend von G\u00f6ttingen schon wieder vorbei. Nat\u00fcrlich habe ich die Gelegenheit genutzt, im einzigen mir bekannten Stoffladen in G\u00f6ttingen vorbeizuschauen, der Stoffinsel. Das ist ein allerliebster, kleiner Laden, etwas au\u00dferhalb der unmittelbaren \"Innenstadt\" von G\u00f6ttingen, der Fu\u00dfg\u00e4ngerzone, gelegen. Bis unters Dach vollgestopft mit Stoffen\u2026","rel":"","context":"In &quot;Allgemein&quot;","block_context":{"text":"Allgemein","link":"https:\/\/stichelstube.capricorna.de\/wordpress\/category\/allgemein\/"},"img":{"alt_text":"","src":"","width":0,"height":0},"classes":[]},{"id":446,"url":"https:\/\/stichelstube.capricorna.de\/wordpress\/2008\/10\/06\/im-land-wo-die-zitronen-wachsen\/","url_meta":{"origin":710,"position":1},"title":"Im Land, wo die Zitronen wachsen&#8230;","author":"Kerstin","date":"6. Oktober 2008","format":false,"excerpt":"... waren wir am Wochenende: Nein, nicht in Italien, sondern in - England! In einem Hof des Victoria & Albert-Museum in London stehen jede Menge Zitronenb\u00e4ume, und die Fr\u00fcchte sehen nicht so aus, als ob sie von Hand dort befestigt wurden ;) Im V&A hat mich nat\u00fcrlich die Abteilung Mode\u2026","rel":"","context":"In &quot;Die Stichelstube unterwegs&quot;","block_context":{"text":"Die Stichelstube unterwegs","link":"https:\/\/stichelstube.capricorna.de\/wordpress\/category\/veranstaltungen\/"},"img":{"alt_text":"","src":"https:\/\/i0.wp.com\/www.capricorna.de\/naehen\/blogpics\/vanda_1.jpg?resize=350%2C200","width":350,"height":200},"classes":[]},{"id":23,"url":"https:\/\/stichelstube.capricorna.de\/wordpress\/2003\/07\/24\/23\/","url_meta":{"origin":710,"position":2},"title":"Mit dem Top komme ich\u2026","author":"Kerstin","date":"24. Juli 2003","format":false,"excerpt":"Mit dem Top komme ich gut voran. Gestern habe ich die Hauptarbeit bei den Belegen geschafft. Ich hatte mir die Anleitung schon mehrere Male durchgelesen, und war nicht ganz sicher, alles zu verstehen. Beim ersten Mal habe ich eine Naht falsch gesetzt. Gottseidank habe ich durch das probeweise Wenden der\u2026","rel":"","context":"In &quot;Allgemein&quot;","block_context":{"text":"Allgemein","link":"https:\/\/stichelstube.capricorna.de\/wordpress\/category\/allgemein\/"},"img":{"alt_text":"","src":"","width":0,"height":0},"classes":[]},{"id":645,"url":"https:\/\/stichelstube.capricorna.de\/wordpress\/2009\/10\/25\/der-winter-kommt\/","url_meta":{"origin":710,"position":3},"title":"Der Winter kommt&#8230;","author":"Kerstin","date":"25. Oktober 2009","format":false,"excerpt":"Eine Stunde nach dem Aufstehen fiel mir dann auch wieder ein, dass heute ja Zeitumstellung ist. Der Winter ist jetzt noch ein St\u00fcck n\u00e4her ger\u00fcckt, obwohl es in den letzten Tagen ja gottseidank wieder etwas w\u00e4rmer geworden ist; heute hat sich sogar die Sonne mal kurz blicken lassen. Nach dem\u2026","rel":"","context":"In &quot;Allgemein&quot;","block_context":{"text":"Allgemein","link":"https:\/\/stichelstube.capricorna.de\/wordpress\/category\/allgemein\/"},"img":{"alt_text":"Franzius-Jacke Zwischenstand","src":"https:\/\/i0.wp.com\/www.capricorna.de\/naehen\/blogpics\/franzius_1.jpg?resize=350%2C200","width":350,"height":200},"classes":[]},{"id":1709,"url":"https:\/\/stichelstube.capricorna.de\/wordpress\/2020\/01\/12\/sternchen\/","url_meta":{"origin":710,"position":4},"title":"Sternchen","author":"Kerstin","date":"12. Januar 2020","format":false,"excerpt":"Eigentlich w\u00e4re dies der richtige Zeitpunkt f\u00fcr einen Jahresr\u00fcckblick, aber jetzt gerade gucke ich lieber nach vorne. Mein monatlicher N\u00e4htreff ist ausgefallen, ich hatte mich aber schon darauf vorbereitet und die Zutaten f\u00fcr ein kleines Projekt herausgelegt. Also habe ich das heute alleine zu Hause gen\u00e4ht. Und das war auch\u2026","rel":"","context":"In &quot;Accessoires&quot;","block_context":{"text":"Accessoires","link":"https:\/\/stichelstube.capricorna.de\/wordpress\/category\/accessoires\/"},"img":{"alt_text":"","src":"https:\/\/i0.wp.com\/stichelstube.capricorna.de\/wordpress\/wp-content\/2020\/01\/F906722A-B286-4936-8539-D031DF17B63C.jpeg?resize=350%2C200&ssl=1","width":350,"height":200,"srcset":"https:\/\/i0.wp.com\/stichelstube.capricorna.de\/wordpress\/wp-content\/2020\/01\/F906722A-B286-4936-8539-D031DF17B63C.jpeg?resize=350%2C200&ssl=1 1x, https:\/\/i0.wp.com\/stichelstube.capricorna.de\/wordpress\/wp-content\/2020\/01\/F906722A-B286-4936-8539-D031DF17B63C.jpeg?resize=525%2C300&ssl=1 1.5x, https:\/\/i0.wp.com\/stichelstube.capricorna.de\/wordpress\/wp-content\/2020\/01\/F906722A-B286-4936-8539-D031DF17B63C.jpeg?resize=700%2C400&ssl=1 2x, https:\/\/i0.wp.com\/stichelstube.capricorna.de\/wordpress\/wp-content\/2020\/01\/F906722A-B286-4936-8539-D031DF17B63C.jpeg?resize=1050%2C600&ssl=1 3x"},"classes":[]},{"id":2475,"url":"https:\/\/stichelstube.capricorna.de\/wordpress\/2024\/04\/08\/klein-und-passgenau\/","url_meta":{"origin":710,"position":5},"title":"Klein und passgenau","author":"Kerstin","date":"8. April 2024","format":false,"excerpt":"Wie ich einmal ein Blitzprojekt gen\u00e4ht habe","rel":"","context":"In &quot;Fertig&quot;","block_context":{"text":"Fertig","link":"https:\/\/stichelstube.capricorna.de\/wordpress\/category\/fertig\/"},"img":{"alt_text":"","src":"","width":0,"height":0},"classes":[]}],"_links":{"self":[{"href":"https:\/\/stichelstube.capricorna.de\/wordpress\/wp-json\/wp\/v2\/posts\/710","targetHints":{"allow":["GET"]}}],"collection":[{"href":"https:\/\/stichelstube.capricorna.de\/wordpress\/wp-json\/wp\/v2\/posts"}],"about":[{"href":"https:\/\/stichelstube.capricorna.de\/wordpress\/wp-json\/wp\/v2\/types\/post"}],"author":[{"embeddable":true,"href":"https:\/\/stichelstube.capricorna.de\/wordpress\/wp-json\/wp\/v2\/users\/2"}],"replies":[{"embeddable":true,"href":"https:\/\/stichelstube.capricorna.de\/wordpress\/wp-json\/wp\/v2\/comments?post=710"}],"version-history":[{"count":3,"href":"https:\/\/stichelstube.capricorna.de\/wordpress\/wp-json\/wp\/v2\/posts\/710\/revisions"}],"predecessor-version":[{"id":2049,"href":"https:\/\/stichelstube.capricorna.de\/wordpress\/wp-json\/wp\/v2\/posts\/710\/revisions\/2049"}],"wp:attachment":[{"href":"https:\/\/stichelstube.capricorna.de\/wordpress\/wp-json\/wp\/v2\/media?parent=710"}],"wp:term":[{"taxonomy":"category","embeddable":true,"href":"https:\/\/stichelstube.capricorna.de\/wordpress\/wp-json\/wp\/v2\/categories?post=710"},{"taxonomy":"post_tag","embeddable":true,"href":"https:\/\/stichelstube.capricorna.de\/wordpress\/wp-json\/wp\/v2\/tags?post=710"}],"curies":[{"name":"wp","href":"https:\/\/api.w.org\/{rel}","templated":true}]}}