{"id":715,"date":"2010-06-04T23:06:17","date_gmt":"2010-06-04T21:06:17","guid":{"rendered":"http:\/\/stichelstube.capricorna.de\/wordpress\/?p=715"},"modified":"2021-12-25T11:49:52","modified_gmt":"2021-12-25T10:49:52","slug":"retro-nachthemd","status":"publish","type":"post","link":"https:\/\/stichelstube.capricorna.de\/wordpress\/2010\/06\/04\/retro-nachthemd\/","title":{"rendered":"Retro-Nachthemd"},"content":{"rendered":"<p><!--:de-->Mit meinem kleinen Nachthemd komme ich ganz gut voran. Ich versuche, jeden Tag ein bisschen was dran zu machen, manchmal mehr, manchmal weniger. Gestern hab ich die obere Passe gedoppelt; das hat l\u00e4nger gedauert; heute habe ich nur schnell die Seitenn\u00e4hte gen\u00e4ht, weil ich den sch\u00f6nen Tag lieber drau\u00dfen auf dem Balkon verbracht habe. So sieht es derzeit aus, der Saum, die Seitenschlitze und die Armausschnitt-Einfassungen fehlen noch:<\/p>\n<figure style=\"width: 275px\" class=\"wp-caption aligncenter\"><img data-recalc-dims=\"1\" loading=\"lazy\" decoding=\"async\" title=\"Tunika\" src=\"https:\/\/i0.wp.com\/www.capricorna.de\/naehen\/blogpics\/bumo_102_nachthemd.jpg?resize=275%2C400\" alt=\"\" width=\"275\" height=\"400\" \/><figcaption class=\"wp-caption-text\">Tunika 102 aus Bumo 06\/10 als Nachthemd<\/figcaption><\/figure>\n<p>Sch\u00f6n retro in schwarz-wei\u00df &#8211; au\u00dferdem sieht man dann meine vom Sonnenbad ger\u00f6tete Haut nicht so&#8230; \ud83d\ude09<\/p>\n<p>Ganz s\u00fc\u00df bislang, find ich. Es hat enorm viel Weite vorne durch die vielen eingelegten Falten, und w\u00e4re auch als Schwangerschafts-Bekleidung geeignet, glaube ich. In der Seitenansicht sieht es aber trotzdem recht normal aus, weil die Falten im oberen Bereich ja zugesteppt und fixiert sind. Bin mal gespannt, ob die Mehrweite mich beim Schlafen st\u00f6rt oder nicht. Ich drehe mich n\u00e4mlich immer erst zwanzig Mal hin und her, bevor ich einschlafen kann&#8230; Daf\u00fcr sitzt es im R\u00fccken sehr gut; es hat hintere L\u00e4ngs-Abn\u00e4her und zus\u00e4tzlich eine gebogene R\u00fcckennaht, die sogar bei meinem Hohlkreuz ohne \u00c4nderung recht gut sitzt. Muss ich mir merken, den Schnitt. &#8211; In der vorderen Mitte k\u00f6nnte ich vermutlich wieder mal einen Zentimeter oder zwei rausnehmen; das hab ich klugerweise wieder vergessen, aber es geht auch so gerade.<\/p>\n<p>Inzwischen kann ich mir auch vorstellen, so etwas in der Art &#8222;drau\u00dfen&#8220; anzuziehen, aber dann eher in einem leichten Blusenstoff, und auf keinen Fall in wei\u00df, das sieht doch wirklich zu sehr nach Nachthemd aus, oder? &#8211; \u00dcber einer schmalen Hose getragen, k\u00f6nnte das im Sommer sehr angenehm sein; auch als kniekurzes Kleid f\u00fcr sehr legere Anl\u00e4sse kann ich es mir f\u00fcr mich vorstellen. (In der Burda ist es auch als langes Kleid drin, aber das sieht dann schon sehr nach Hippie aus.)<!--:--><\/p>\n","protected":false},"excerpt":{"rendered":"<p>Mit meinem kleinen Nachthemd komme ich ganz gut voran. Ich versuche, jeden Tag ein bisschen was dran zu machen, manchmal mehr, manchmal weniger. Gestern hab ich die obere Passe gedoppelt; das hat l\u00e4nger gedauert; heute habe ich nur schnell die Seitenn\u00e4hte gen\u00e4ht, weil ich den sch\u00f6nen Tag lieber drau\u00dfen auf dem Balkon verbracht habe. So &hellip; <a href=\"https:\/\/stichelstube.capricorna.de\/wordpress\/2010\/06\/04\/retro-nachthemd\/\" class=\"more-link\"><span class=\"screen-reader-text\">\u201eRetro-Nachthemd\u201c <\/span>weiterlesen<\/a><\/p>\n","protected":false},"author":2,"featured_media":0,"comment_status":"open","ping_status":"open","sticky":false,"template":"","format":"standard","meta":{"jetpack_post_was_ever_published":false,"_jetpack_newsletter_access":"","_jetpack_dont_email_post_to_subs":false,"_jetpack_newsletter_tier_id":0,"_jetpack_memberships_contains_paywalled_content":false,"_jetpack_memberships_contains_paid_content":false,"footnotes":"","jetpack_publicize_message":"","jetpack_publicize_feature_enabled":true,"jetpack_social_post_already_shared":false,"jetpack_social_options":{"image_generator_settings":{"template":"highway","default_image_id":0,"font":"","enabled":false},"version":2}},"categories":[1],"tags":[],"class_list":["post-715","post","type-post","status-publish","format-standard","hentry","category-allgemein"],"jetpack_publicize_connections":[],"jetpack_featured_media_url":"","jetpack_sharing_enabled":true,"jetpack_shortlink":"https:\/\/wp.me\/p6Znca-bx","jetpack-related-posts":[{"id":710,"url":"https:\/\/stichelstube.capricorna.de\/wordpress\/2010\/05\/29\/retro-hakelblumchen\/","url_meta":{"origin":715,"position":0},"title":"Retro-H\u00e4kelbl\u00fcmchen","author":"Kerstin","date":"29. Mai 2010","format":false,"excerpt":"Die Aufl\u00f6sung des R\u00e4tsels steht ja noch aus; die wurde durch unseren Pfingstausflug nach Wien etwas verz\u00f6gert. Mein G\u00f6ttergatte hatte sich in den Kopf gesetzt, dass ich als Mitbringsel f\u00fcr unsere \"Zimmerwirtin\" und Freunde etwas anfertigen sollte, und da die Zeit sehr knapp war, kam ich auf die Handyladetaschen. Verziert\u2026","rel":"","context":"In &quot;Allgemein&quot;","block_context":{"text":"Allgemein","link":"https:\/\/stichelstube.capricorna.de\/wordpress\/category\/allgemein\/"},"img":{"alt_text":"Handyladetaschen","src":"https:\/\/i0.wp.com\/www.capricorna.de\/naehen\/blogpics\/sat.jpg?resize=350%2C200","width":350,"height":200},"classes":[]},{"id":1232,"url":"https:\/\/stichelstube.capricorna.de\/wordpress\/2015\/10\/11\/schlicht-und-schnell\/","url_meta":{"origin":715,"position":1},"title":"Schlicht und schnell","author":"Kerstin","date":"11. Oktober 2015","format":false,"excerpt":"Ein schnelles Erfolgserlebnis f\u00fcr Zwischendurch: Ein zweites Schlafshirt nach dem bereits bew\u00e4hrten Schnitt # 113 aus der Burda Dezember 2008 (damals, als sie noch Burda Modemagazin hie\u00df). Der Stoff, ein bedruckter Viskose-Jersey der d\u00fcnneren Sorte, ist jetzt auch schon gut vier Jahre abgehangen und nun endlich verarbeitet. Damit z\u00e4hlt dieses\u2026","rel":"","context":"In &quot;Fertig&quot;","block_context":{"text":"Fertig","link":"https:\/\/stichelstube.capricorna.de\/wordpress\/category\/fertig\/"},"img":{"alt_text":"","src":"https:\/\/i0.wp.com\/www.capricorna.de\/naehen\/pics_fertig\/20151011_schlafshirt.jpg?resize=350%2C200","width":350,"height":200},"classes":[]},{"id":351,"url":"https:\/\/stichelstube.capricorna.de\/wordpress\/2007\/08\/02\/verkaufer-die-nichts-verkaufen-wollen\/","url_meta":{"origin":715,"position":2},"title":"Verk\u00e4ufer, die nichts verkaufen wollen","author":"Kerstin","date":"2. August 2007","format":false,"excerpt":"Heute war ich im Stoffladen auf der Suche nach einem Bolero-Stoff. Mein Brautkleid ist schulterfrei, und ich f\u00fcrchtete, dass mir das im Laufe des Tages zu kalt werden w\u00fcrde, zumal es ja Oktober sein wird.Da es unm\u00f6glich ist, genau den passenden Hellblau-Ton zu finden, hatte ich \u00fcberlegt, eine Kontrastfarbe zu\u2026","rel":"","context":"In &quot;Allgemein&quot;","block_context":{"text":"Allgemein","link":"https:\/\/stichelstube.capricorna.de\/wordpress\/category\/allgemein\/"},"img":{"alt_text":"","src":"","width":0,"height":0},"classes":[]},{"id":197,"url":"https:\/\/stichelstube.capricorna.de\/wordpress\/2005\/03\/30\/197\/","url_meta":{"origin":715,"position":3},"title":"So sieht mein derzeitiges Projekt\u2026","author":"Kerstin","date":"30. M\u00e4rz 2005","format":false,"excerpt":"So sieht mein derzeitiges Projekt aus: Eine Hemdbluse aus dem sch\u00f6nen bestickten Popeline. Heute abend war ich ziemlich fleissig; ausser dem Zuschneiden habe ich schon die Abn\u00e4her, Schultern\u00e4hte, Seitenn\u00e4hte und untere \u00c4rmeln\u00e4hte gesteppt :-)Also alle \"geraden\" und einfachen N\u00e4hte. Morgen will ich versuchen, einen \u00c4rmel einzusetzen, davor graut mir schon...\u2026","rel":"","context":"In &quot;Allgemein&quot;","block_context":{"text":"Allgemein","link":"https:\/\/stichelstube.capricorna.de\/wordpress\/category\/allgemein\/"},"img":{"alt_text":"","src":"","width":0,"height":0},"classes":[]},{"id":492,"url":"https:\/\/stichelstube.capricorna.de\/wordpress\/2009\/01\/17\/recycling-fahig\/","url_meta":{"origin":715,"position":4},"title":"Recycling-f\u00e4hig?","author":"Kerstin","date":"17. Januar 2009","format":false,"excerpt":"Seit einiger Zeit schneide ich bei den Hemden, die mein G\u00f6Ga aussortiert, immer die Kn\u00f6pfe ab. Die sch\u00f6nen, kleinen, neutralen Perlmutt-Kn\u00f6pfe sind die perfekten Blusen- und Hemden-Kn\u00f6pfe, und neu gekauft sind sie nicht preiswert. Vor kurzem habe ich mir dann auch mal seine Kragen angeschaut, und wie die verarbeitet sind.\u2026","rel":"","context":"In &quot;Allgemein&quot;","block_context":{"text":"Allgemein","link":"https:\/\/stichelstube.capricorna.de\/wordpress\/category\/allgemein\/"},"img":{"alt_text":"","src":"https:\/\/i0.wp.com\/www.capricorna.de\/naehen\/blogpics\/kragenstaebchen.jpg?resize=350%2C200","width":350,"height":200},"classes":[]},{"id":131,"url":"https:\/\/stichelstube.capricorna.de\/wordpress\/2004\/08\/02\/131\/","url_meta":{"origin":715,"position":5},"title":"Noch eine Naht, dann ist\u2026","author":"Kerstin","date":"2. August 2004","format":false,"excerpt":"Noch eine Naht, dann ist das gelbe Hemd fertig :-) Ich habe gerade Formband auf den hinteren Saum geb\u00fcgelt, und mit der Zwillingsnadel von au\u00dfen abgesteppt, und es sieht gut aus. Abgerundete S\u00e4ume sind wirklich ein Graus. Ich hatte zuerst \u00fcberlegt, ob ich das lieber mit einem Beleg machen soll,\u2026","rel":"","context":"In &quot;Allgemein&quot;","block_context":{"text":"Allgemein","link":"https:\/\/stichelstube.capricorna.de\/wordpress\/category\/allgemein\/"},"img":{"alt_text":"","src":"","width":0,"height":0},"classes":[]}],"_links":{"self":[{"href":"https:\/\/stichelstube.capricorna.de\/wordpress\/wp-json\/wp\/v2\/posts\/715","targetHints":{"allow":["GET"]}}],"collection":[{"href":"https:\/\/stichelstube.capricorna.de\/wordpress\/wp-json\/wp\/v2\/posts"}],"about":[{"href":"https:\/\/stichelstube.capricorna.de\/wordpress\/wp-json\/wp\/v2\/types\/post"}],"author":[{"embeddable":true,"href":"https:\/\/stichelstube.capricorna.de\/wordpress\/wp-json\/wp\/v2\/users\/2"}],"replies":[{"embeddable":true,"href":"https:\/\/stichelstube.capricorna.de\/wordpress\/wp-json\/wp\/v2\/comments?post=715"}],"version-history":[{"count":3,"href":"https:\/\/stichelstube.capricorna.de\/wordpress\/wp-json\/wp\/v2\/posts\/715\/revisions"}],"predecessor-version":[{"id":2048,"href":"https:\/\/stichelstube.capricorna.de\/wordpress\/wp-json\/wp\/v2\/posts\/715\/revisions\/2048"}],"wp:attachment":[{"href":"https:\/\/stichelstube.capricorna.de\/wordpress\/wp-json\/wp\/v2\/media?parent=715"}],"wp:term":[{"taxonomy":"category","embeddable":true,"href":"https:\/\/stichelstube.capricorna.de\/wordpress\/wp-json\/wp\/v2\/categories?post=715"},{"taxonomy":"post_tag","embeddable":true,"href":"https:\/\/stichelstube.capricorna.de\/wordpress\/wp-json\/wp\/v2\/tags?post=715"}],"curies":[{"name":"wp","href":"https:\/\/api.w.org\/{rel}","templated":true}]}}