{"id":830,"date":"2011-06-19T20:30:16","date_gmt":"2011-06-19T18:30:16","guid":{"rendered":"http:\/\/stichelstube.capricorna.de\/wordpress\/?p=830"},"modified":"2011-06-19T20:32:16","modified_gmt":"2011-06-19T18:32:16","slug":"schlaf-kindlein-schlaf","status":"publish","type":"post","link":"https:\/\/stichelstube.capricorna.de\/wordpress\/2011\/06\/19\/schlaf-kindlein-schlaf\/","title":{"rendered":"Schlaf, Kindlein, schlaf&#8230;"},"content":{"rendered":"<figure style=\"width: 350px\" class=\"wp-caption aligncenter\"><img data-recalc-dims=\"1\" loading=\"lazy\" decoding=\"async\" src=\"https:\/\/i0.wp.com\/www.capricorna.de\/naehen\/pics_fertig\/20110619_schlafmaske.jpg?resize=350%2C321\" alt=\"\" width=\"350\" height=\"321\" \/><figcaption class=\"wp-caption-text\">nicht k.o., nur m\u00fcde<\/figcaption><\/figure>\n<p>Was das Schlafen angeht, funktioniere ich sozusagen wie ein Vogel &#8211; wenn man den K\u00e4fig abdeckt, werde ich ruhig. Sprich, ich habe es gerne dunkel beim Schlafen. M\u00f6glichst komplett.<\/p>\n<p>Ohne Au\u00dfenjalousien ist das gerade im Sommer schwierig. Ganz zu schweigen davon, wenn man ausw\u00e4rts schl\u00e4ft. Urlaub in einer Jugendherberge zum Beispiel, wo es nachts dann teils auch noch wie im Taubenschlag zugeht, was zus\u00e4tzlich ablenkt. Deswegen hatte ich schon l\u00e4nger vorgehabt, einmal eine Schlafmaske auszuprobieren. In einer alten Burda fand sich ein Schnittmuster, das ich f\u00fcr mein kleines K\u00f6pfchen geringf\u00fcgig verkleinert habe. Und um dem ganzen den F\u00fcnfziger-Jahre-Ernst zu nehmen, habe ich mir die kleinen Comic-Kreuzchen als Appli ausgedacht.<\/p>\n<p>Zum N\u00e4htreffen in Bergedorf gestern war dies das perfekte, kleine, schnelle Projekt. Im Bild seht ihr das Ergebnis unten. Der Test in der letzten Nacht ergab dann, dass der Stoff, ein Rest Nicky, doch etwas zu dick gew\u00e4hlt war; die Kante dr\u00fcckte unangenehm auf meine Schl\u00e4fe. (Ja, ich bin die Prinzessin auf der Erbse&#8230;) Also habe ich heute direkt den zweiten Versuch mit d\u00fcnnerem Stoff angefertigt, siehe oben im Bild.<\/p>\n<p>Beim zweiten Mal habe ich mir dann auch die M\u00fche gemacht, die kleinen &#8222;Comic-Kreuzchen&#8220; vor dem Applizieren mit Wondertape zu fixieren; beim ersten Mal war ich faul gewesen, und hatte nur zwei Stecknadeln verwendet, was prompt dazu gef\u00fchrt hat, dass ein Kreuzchen total verrutscht ist. Obwohl ich in beiden F\u00e4llen sowohl Unterstoff als auch Appli mit Vlieseline verst\u00e4rkt habe, hat es sich beim zweiten Versuch in d\u00fcnnem Stoff etwas st\u00e4rker zusammengezogen. Was lernen wir daraus? Je d\u00fcnner der Stoff, desto mehr Verst\u00e4rkung braucht er? Muss ich mal ein Auge drauf haben. \ud83d\ude09<\/p>\n","protected":false},"excerpt":{"rendered":"<p>Was das Schlafen angeht, funktioniere ich sozusagen wie ein Vogel &#8211; wenn man den K\u00e4fig abdeckt, werde ich ruhig. Sprich, ich habe es gerne dunkel beim Schlafen. M\u00f6glichst komplett. Ohne Au\u00dfenjalousien ist das gerade im Sommer schwierig. Ganz zu schweigen davon, wenn man ausw\u00e4rts schl\u00e4ft. Urlaub in einer Jugendherberge zum Beispiel, wo es nachts dann &hellip; <a href=\"https:\/\/stichelstube.capricorna.de\/wordpress\/2011\/06\/19\/schlaf-kindlein-schlaf\/\" class=\"more-link\"><span class=\"screen-reader-text\">\u201eSchlaf, Kindlein, schlaf&#8230;\u201c <\/span>weiterlesen<\/a><\/p>\n","protected":false},"author":2,"featured_media":0,"comment_status":"open","ping_status":"open","sticky":false,"template":"","format":"standard","meta":{"jetpack_post_was_ever_published":false,"_jetpack_newsletter_access":"","_jetpack_dont_email_post_to_subs":false,"_jetpack_newsletter_tier_id":0,"_jetpack_memberships_contains_paywalled_content":false,"_jetpack_memberships_contains_paid_content":false,"footnotes":"","jetpack_publicize_message":"","jetpack_publicize_feature_enabled":true,"jetpack_social_post_already_shared":false,"jetpack_social_options":{"image_generator_settings":{"template":"highway","default_image_id":0,"font":"","enabled":false},"version":2}},"categories":[4,5],"tags":[],"class_list":["post-830","post","type-post","status-publish","format-standard","hentry","category-accessoires","category-fertig"],"jetpack_publicize_connections":[],"jetpack_featured_media_url":"","jetpack_sharing_enabled":true,"jetpack_shortlink":"https:\/\/wp.me\/p6Znca-do","jetpack-related-posts":[{"id":2267,"url":"https:\/\/stichelstube.capricorna.de\/wordpress\/2023\/04\/25\/suesse-monster-und-kleine-helden\/","url_meta":{"origin":830,"position":0},"title":"S\u00fc\u00dfe Monster und kleine Helden","author":"Kerstin","date":"25. April 2023","format":false,"excerpt":"Technisch gesehen ist das hier ein Ufo, denn diesen Schlafsack mit dem total s\u00fc\u00dfen Monster-Motiv hatte ich vor gut einem Jahr, zu Beginn 2022, angefangen. Es fehlten nur noch die Kn\u00f6pfe. Und die habe ich dann so lange vor mir her prokrastiniert, bis das urspr\u00fcnglich angedachte Empf\u00e4nger-Kind schon wieder rausgewachsen\u2026","rel":"","context":"In &quot;Fertig&quot;","block_context":{"text":"Fertig","link":"https:\/\/stichelstube.capricorna.de\/wordpress\/category\/fertig\/"},"img":{"alt_text":"","src":"","width":0,"height":0},"classes":[]},{"id":715,"url":"https:\/\/stichelstube.capricorna.de\/wordpress\/2010\/06\/04\/retro-nachthemd\/","url_meta":{"origin":830,"position":1},"title":"Retro-Nachthemd","author":"Kerstin","date":"4. Juni 2010","format":false,"excerpt":"Mit meinem kleinen Nachthemd komme ich ganz gut voran. Ich versuche, jeden Tag ein bisschen was dran zu machen, manchmal mehr, manchmal weniger. Gestern hab ich die obere Passe gedoppelt; das hat l\u00e4nger gedauert; heute habe ich nur schnell die Seitenn\u00e4hte gen\u00e4ht, weil ich den sch\u00f6nen Tag lieber drau\u00dfen auf\u2026","rel":"","context":"In &quot;Allgemein&quot;","block_context":{"text":"Allgemein","link":"https:\/\/stichelstube.capricorna.de\/wordpress\/category\/allgemein\/"},"img":{"alt_text":"","src":"https:\/\/i0.wp.com\/www.capricorna.de\/naehen\/blogpics\/bumo_102_nachthemd.jpg?resize=350%2C200","width":350,"height":200},"classes":[]},{"id":226,"url":"https:\/\/stichelstube.capricorna.de\/wordpress\/2005\/09\/04\/226\/","url_meta":{"origin":830,"position":2},"title":"Argh, der Urlaub r\u00fcckt immer\u2026","author":"Kerstin","date":"4. September 2005","format":false,"excerpt":"Argh, der Urlaub r\u00fcckt immer n\u00e4her, und ich will mir noch soooviel n\u00e4hen... Gerade sitze ich an meinem Flanell-Schlafanzug; die Hose ist fertig, jetzt kommen die Falzgummis an die Ausschnitte. Dann will ich mir noch mindestens zwei T-Shirts n\u00e4hen, und w\u00fcrde ganz gerne noch die Jeans ausprobieren. Mal gucken.F\u00fcr die\u2026","rel":"","context":"In &quot;Allgemein&quot;","block_context":{"text":"Allgemein","link":"https:\/\/stichelstube.capricorna.de\/wordpress\/category\/allgemein\/"},"img":{"alt_text":"","src":"","width":0,"height":0},"classes":[]},{"id":254,"url":"https:\/\/stichelstube.capricorna.de\/wordpress\/2006\/02\/10\/254\/","url_meta":{"origin":830,"position":3},"title":"Gestern war ich doch zu\u2026","author":"Kerstin","date":"10. Februar 2006","format":false,"excerpt":"Gestern war ich doch zu m\u00fcde, um noch was zu n\u00e4hen - hab mich direkt nach der Arbeit erstmal f\u00fcr zwei Stunden schlafen gelegt. *g*Und heute habe ich mein Arbeitszimmer umger\u00e4umt... wieder mal ;-)Ich liebe es, ein Zimmer umzur\u00e4umen, und immer noch eine bessere Aufstellung zu finden, hier etwas auszusortieren,\u2026","rel":"","context":"In &quot;Allgemein&quot;","block_context":{"text":"Allgemein","link":"https:\/\/stichelstube.capricorna.de\/wordpress\/category\/allgemein\/"},"img":{"alt_text":"","src":"","width":0,"height":0},"classes":[]},{"id":41,"url":"https:\/\/stichelstube.capricorna.de\/wordpress\/2003\/10\/25\/41\/","url_meta":{"origin":830,"position":4},"title":"In den letzten zwei Wochen\u2026","author":"Kerstin","date":"25. Oktober 2003","format":false,"excerpt":"In den letzten zwei Wochen bin ich nicht viel zum N\u00e4hen gekommen; irgendwie war immer was anderes los, oder ich war zu m\u00fcde. Ich habe mir jetzt erstmal das Unterzieh-Shirt aus Seide vorgenommen; das brauche ich bei dem Wetter dringender. Ich habe die Seitenn\u00e4hte noch etwas k\u00f6rpern\u00e4her gestaltet, so dass\u2026","rel":"","context":"In &quot;Allgemein&quot;","block_context":{"text":"Allgemein","link":"https:\/\/stichelstube.capricorna.de\/wordpress\/category\/allgemein\/"},"img":{"alt_text":"","src":"","width":0,"height":0},"classes":[]},{"id":588,"url":"https:\/\/stichelstube.capricorna.de\/wordpress\/2009\/06\/14\/blick-ins-boudoir\/","url_meta":{"origin":830,"position":5},"title":"Blick ins Boudoir","author":"Kerstin","date":"14. Juni 2009","format":false,"excerpt":"... oder Schlafzimmer auf neudeutsch. :D Heute haben wir unserem Schlafzimmer etwas Farbe verpasst; ein Plan, den wir schon l\u00e4nger ins Auge gefasst hatten, aber wann hat man schon mal Zeit? Aber jetzt! Abgeklebt hatte ich schon vor ein paar Monaten - wie gesagt... - und da die M\u00f6bel schon\u2026","rel":"","context":"In &quot;Alltagsnotizien&quot;","block_context":{"text":"Alltagsnotizien","link":"https:\/\/stichelstube.capricorna.de\/wordpress\/category\/alltagsnotizien\/"},"img":{"alt_text":"","src":"https:\/\/i0.wp.com\/www.capricorna.de\/diverses\/farben_sz_1.jpg?resize=350%2C200","width":350,"height":200},"classes":[]}],"_links":{"self":[{"href":"https:\/\/stichelstube.capricorna.de\/wordpress\/wp-json\/wp\/v2\/posts\/830","targetHints":{"allow":["GET"]}}],"collection":[{"href":"https:\/\/stichelstube.capricorna.de\/wordpress\/wp-json\/wp\/v2\/posts"}],"about":[{"href":"https:\/\/stichelstube.capricorna.de\/wordpress\/wp-json\/wp\/v2\/types\/post"}],"author":[{"embeddable":true,"href":"https:\/\/stichelstube.capricorna.de\/wordpress\/wp-json\/wp\/v2\/users\/2"}],"replies":[{"embeddable":true,"href":"https:\/\/stichelstube.capricorna.de\/wordpress\/wp-json\/wp\/v2\/comments?post=830"}],"version-history":[{"count":3,"href":"https:\/\/stichelstube.capricorna.de\/wordpress\/wp-json\/wp\/v2\/posts\/830\/revisions"}],"predecessor-version":[{"id":832,"href":"https:\/\/stichelstube.capricorna.de\/wordpress\/wp-json\/wp\/v2\/posts\/830\/revisions\/832"}],"wp:attachment":[{"href":"https:\/\/stichelstube.capricorna.de\/wordpress\/wp-json\/wp\/v2\/media?parent=830"}],"wp:term":[{"taxonomy":"category","embeddable":true,"href":"https:\/\/stichelstube.capricorna.de\/wordpress\/wp-json\/wp\/v2\/categories?post=830"},{"taxonomy":"post_tag","embeddable":true,"href":"https:\/\/stichelstube.capricorna.de\/wordpress\/wp-json\/wp\/v2\/tags?post=830"}],"curies":[{"name":"wp","href":"https:\/\/api.w.org\/{rel}","templated":true}]}}