{"id":873,"date":"2011-10-22T14:04:50","date_gmt":"2011-10-22T12:04:50","guid":{"rendered":"http:\/\/stichelstube.capricorna.de\/wordpress\/?p=873"},"modified":"2021-12-25T11:54:35","modified_gmt":"2021-12-25T10:54:35","slug":"unkaputtbar","status":"publish","type":"post","link":"https:\/\/stichelstube.capricorna.de\/wordpress\/2011\/10\/22\/unkaputtbar\/","title":{"rendered":"Unkaputtbar"},"content":{"rendered":"<p><!--:de-->&#8230; sind Textilien zwar nicht, aber f\u00fcr einige Zwecke sind sie eben doch haltbarer als vermeintlich festere Materialien.<\/p>\n<p>Vor einiger Zeit hatte ich bei einer Freundin eine gestrickfilzte Schale gesehen, die mir nicht mehr aus dem Kopf ging. Genau die richtige Verwendung f\u00fcr ein verwaistes Kn\u00e4uel Garn in meiner bescheidenen Woll-Sammlung, dachte ich mir.<\/p>\n<p>Zun\u00e4chst mal brauchte ich eine Anleitung f\u00fcr das Stricken, und wurde auf der Website zum Buch &#8222;One skein wonders&#8220; f\u00fcndig: Die <a title=\"One skein wonders.com - Jamaica Pouch\" href=\"http:\/\/www.oneskeinwonders.com\/patterns\/jamaica.php\" target=\"_blank\" rel=\"noopener\">Jamaica Pouch<\/a>.<\/p>\n<p>Da mein Garn einfarbig ist und au\u00dferdem noch gefilzt werden sollte, w\u00e4re das aufwendige Muster nat\u00fcrlich vergebliche Liebesm\u00fch\u00b4 gewesen, also orientierte ich mich nur lose an den Anweisungen f\u00fcr die Zugaben und Abnahmen, und f\u00fcgte noch einen Rollrand hinzu, indem ich kurz vor Schluss in einer Reihe s\u00e4mtliche Maschen verdoppelte und dann so noch ein paar Reihen weiterstrickte, ehe ich abkettete.<\/p>\n<p>Ich \u00fcberlegte zuerst, das Teil nasszufilzen, aber bei einem dreidimensionalen Objekt hatte ich das noch nicht gemacht, und au\u00dferdem, wozu hatte ich meine Filzmaschine in der Ecke stehen? Ich hatte sie schon fast verkaufen wollen, aber jetzt kam sie mir genau richtig.<\/p>\n<p>So sah das Teil also aus, bevor es losging:<\/p>\n<p><img data-recalc-dims=\"1\" loading=\"lazy\" decoding=\"async\" class=\"aligncenter\" src=\"https:\/\/i0.wp.com\/www.capricorna.de\/naehen\/pics_knit\/20111022_filzschale_2.jpg?resize=450%2C314\" alt=\"gestrickte Schale, noch ungefilzt\" width=\"450\" height=\"314\" \/><\/p>\n<p>Eine Dreiviertelstunde und zwei Filznadeln sp\u00e4ter hatte sich das etwas eckige Objekt schon in etwas rundlicheres verwandelt, dem man seinen endg\u00fcltigen Bestimmungszweck besser ansehen konnte. Sehr praktisch beim Filzen ist ja, dass man keine F\u00e4den vern\u00e4hen muss. \ud83d\ude09 Und dass man das Filzobjekt nicht mehr bewegen darf, sobald man das Pedal losl\u00e4sst, lernt man mehr oder weniger schnell&#8230; \ud83d\ude09<\/p>\n<p>So, fertig. Aber jetzt, wohin damit? Da ich keine Deko-Freundin bin, die \u00fcber zig Ablagefl\u00e4chen verf\u00fcgt, wo man Staubf\u00e4nger hinstellen k\u00f6nnte, w\u00e4re mir ein n\u00fctzlicher Einsatzzweck am liebsten. Bei meiner Wanderung durch die Wohnung &#8211; eine L\u00f6sung auf der Suche nach einem Problem! &#8211; fiel mein Blick dann auf unsere Schl\u00fcsselschale im Flur. Diese sehr h\u00fcbsche Steingut-Schale hatte den Aufprall der fallen gelassenen Schl\u00fcsselbunde leider nicht lange unbeschadet \u00fcberstanden, und mahnte uns seit l\u00e4ngerem mit ihren verstreuten Einzelteilen auf dem Beistelltisch an ihr vorzeitiges Ableben. *seufz* Und Bingo!<\/p>\n<p>Die neue Schale wird diese achtlose Behandlung klaglos \u00fcberstehen, womit wieder einmal bewiesen w\u00e4re, dass eine gewisse Flexibilit\u00e4t von gro\u00dfem Nutzen sein kann.<\/p>\n<p><img data-recalc-dims=\"1\" loading=\"lazy\" decoding=\"async\" class=\"aligncenter\" src=\"https:\/\/i0.wp.com\/www.capricorna.de\/naehen\/pics_knit\/20111022_filzschale_1.jpg?resize=438%2C450\" alt=\"Schl\u00fcsselschale\" width=\"438\" height=\"450\" \/><!--:--><\/p>\n","protected":false},"excerpt":{"rendered":"<p>&#8230; sind Textilien zwar nicht, aber f\u00fcr einige Zwecke sind sie eben doch haltbarer als vermeintlich festere Materialien. Vor einiger Zeit hatte ich bei einer Freundin eine gestrickfilzte Schale gesehen, die mir nicht mehr aus dem Kopf ging. Genau die richtige Verwendung f\u00fcr ein verwaistes Kn\u00e4uel Garn in meiner bescheidenen Woll-Sammlung, dachte ich mir. Zun\u00e4chst &hellip; <a href=\"https:\/\/stichelstube.capricorna.de\/wordpress\/2011\/10\/22\/unkaputtbar\/\" class=\"more-link\"><span class=\"screen-reader-text\">\u201eUnkaputtbar\u201c <\/span>weiterlesen<\/a><\/p>\n","protected":false},"author":2,"featured_media":0,"comment_status":"open","ping_status":"open","sticky":false,"template":"","format":"standard","meta":{"jetpack_post_was_ever_published":false,"_jetpack_newsletter_access":"","_jetpack_dont_email_post_to_subs":false,"_jetpack_newsletter_tier_id":0,"_jetpack_memberships_contains_paywalled_content":false,"_jetpack_memberships_contains_paid_content":false,"footnotes":"","jetpack_publicize_message":"","jetpack_publicize_feature_enabled":true,"jetpack_social_post_already_shared":false,"jetpack_social_options":{"image_generator_settings":{"template":"highway","default_image_id":0,"font":"","enabled":false},"version":2}},"categories":[5,18],"tags":[],"class_list":["post-873","post","type-post","status-publish","format-standard","hentry","category-fertig","category-stricken"],"jetpack_publicize_connections":[],"jetpack_featured_media_url":"","jetpack_sharing_enabled":true,"jetpack_shortlink":"https:\/\/wp.me\/p6Znca-e5","jetpack-related-posts":[{"id":1354,"url":"https:\/\/stichelstube.capricorna.de\/wordpress\/2017\/01\/15\/schnelle-schale\/","url_meta":{"origin":873,"position":0},"title":"Schnelle Schale","author":"Kerstin","date":"15. Januar 2017","format":false,"excerpt":"Kaum zwei Wochen ist das neue Jahr alt, und schon ist ein erstes Projekt fertig! Es ist klein, aber es stecken einige Stunden Arbeit darin. Ich habe es endlich geschafft, die Reste der Filzwolle von den Puschen, die ich vor zwei Jahren gemacht habe, zu verarbeiten. Die Puschen sind lange\u2026","rel":"","context":"In &quot;Fertig&quot;","block_context":{"text":"Fertig","link":"https:\/\/stichelstube.capricorna.de\/wordpress\/category\/fertig\/"},"img":{"alt_text":"","src":"https:\/\/i0.wp.com\/stichelstube.capricorna.de\/wordpress\/wp-content\/2017\/01\/IMG_0303-300x199.jpg?resize=350%2C200","width":350,"height":200},"classes":[]},{"id":856,"url":"https:\/\/stichelstube.capricorna.de\/wordpress\/2011\/09\/11\/woll-stapel-aufgedroselt\/","url_meta":{"origin":873,"position":1},"title":"Woll-Stapel, aufgedr\u00f6selt","author":"Kerstin","date":"11. September 2011","format":false,"excerpt":"Hier mal ein Bild meines recht \u00fcberschaubaren Woll-Bestandes. Das Wort Vorrat w\u00e4re schon falsch, weil er daf\u00fcr nicht gedacht war und ist, aber \u00fcber den kommenden Winter wird er mich trotzdem gut hin\u00fcber tragen, denke ich. F\u00fcr die meisten dieser einzelnen Kn\u00e4uel habe ich bereits eine Verwendung geplant, denn genau\u2026","rel":"","context":"In &quot;Stricken&quot;","block_context":{"text":"Stricken","link":"https:\/\/stichelstube.capricorna.de\/wordpress\/category\/stricken\/"},"img":{"alt_text":"","src":"https:\/\/i0.wp.com\/www.capricorna.de\/naehen\/pics_knit\/20110911_wollstash.jpg?resize=350%2C200","width":350,"height":200},"classes":[]},{"id":1177,"url":"https:\/\/stichelstube.capricorna.de\/wordpress\/2015\/01\/11\/schon-wieder-vorbei\/","url_meta":{"origin":873,"position":2},"title":"schon wieder vorbei?!","author":"Kerstin","date":"11. Januar 2015","format":false,"excerpt":"Das Jahr 2014... kann doch nicht sein?! Ist aber so. Und damit nehme ich mir mal ein bisschen Zeit, um einen Blick zur\u00fcck zu werfen. Gef\u00fchlt habe ich letztes Jahr nicht so viel geschafft; meine Bandscheiben-OP im Fr\u00fchjahr 2014 hat mich l\u00e4ngere Zeit au\u00dfer Gefecht gesetzt, und wie schon in\u2026","rel":"","context":"In &quot;Allgemein&quot;","block_context":{"text":"Allgemein","link":"https:\/\/stichelstube.capricorna.de\/wordpress\/category\/allgemein\/"},"img":{"alt_text":"","src":"https:\/\/i0.wp.com\/www.capricorna.de\/naehen\/pics_knit\/20140307_owls_1.jpg?resize=350%2C200","width":350,"height":200},"classes":[]},{"id":798,"url":"https:\/\/stichelstube.capricorna.de\/wordpress\/2011\/04\/04\/der-schonste-moment\/","url_meta":{"origin":873,"position":3},"title":"Der sch\u00f6nste Moment&#8230;","author":"Kerstin","date":"4. April 2011","format":false,"excerpt":"... beim Stricken ist f\u00fcr mich, wenn man das erste Mal das Muster erkennen kann! Das finde ich sogar noch sch\u00f6ner, als ein Teil fertigzustellen - in dem Moment ist man oft nur noch froh dar\u00fcber, dass es\u00a0endlich fertig ist. Aber wenn man das erste Mal sieht, dass aus den\u2026","rel":"","context":"In &quot;Stricken&quot;","block_context":{"text":"Stricken","link":"https:\/\/stichelstube.capricorna.de\/wordpress\/category\/stricken\/"},"img":{"alt_text":"","src":"https:\/\/i0.wp.com\/www.capricorna.de\/naehen\/pics_knit\/jahresringe_1.jpg?resize=350%2C200","width":350,"height":200},"classes":[]},{"id":769,"url":"https:\/\/stichelstube.capricorna.de\/wordpress\/2010\/12\/05\/stricken-lernen-aber-richtig\/","url_meta":{"origin":873,"position":4},"title":"Stricken lernen, aber richtig","author":"Kerstin","date":"5. Dezember 2010","format":false,"excerpt":"Oder: Warum einfach, wenn es auch umst\u00e4ndlich geht? Meine verf\u00fcgbare Freizeit wird im Moment nicht nur durch Pl\u00e4tzchen backen im wahrsten Sinne des Wortes aufgefressen ;) auch mein neu entdecktes Hobby Stricken h\u00e4lt mich vom N\u00e4hen ab. \u00dcber meine Stulpen hatte ich hier ja schon geschrieben. Damals hatte ich ja\u2026","rel":"","context":"In &quot;Stricken&quot;","block_context":{"text":"Stricken","link":"https:\/\/stichelstube.capricorna.de\/wordpress\/category\/stricken\/"},"img":{"alt_text":"","src":"https:\/\/i0.wp.com\/www.capricorna.de\/naehen\/pics_knit\/strick_kissenhuelle.jpg?resize=350%2C200","width":350,"height":200},"classes":[]},{"id":853,"url":"https:\/\/stichelstube.capricorna.de\/wordpress\/2011\/09\/03\/leichte-nadelarbeiten\/","url_meta":{"origin":873,"position":5},"title":"Leichte Nadelarbeiten","author":"Kerstin","date":"3. September 2011","format":false,"excerpt":"Nach dem N\u00e4hmarathon mit meinem Marine-Kleid ist jetzt wieder etwas Abwechslung angesagt, mit Stricken. Nachdem mein erster Pullover recht zufriedenstellend geworden ist, habe ich den zweiten sofort angefangen, und bereits einen \u00c4rmel fertig gestellt. In glatt rechts und Nadelst\u00e4rke 5 auch kein Wunder, in einem kuscheligen Mohair-Mix. Und bei den\u2026","rel":"","context":"In &quot;Allgemein&quot;","block_context":{"text":"Allgemein","link":"https:\/\/stichelstube.capricorna.de\/wordpress\/category\/allgemein\/"},"img":{"alt_text":"","src":"https:\/\/i0.wp.com\/www.capricorna.de\/naehen\/blogpics\/20110901_lacetest.jpg?resize=350%2C200","width":350,"height":200,"srcset":"https:\/\/i0.wp.com\/www.capricorna.de\/naehen\/blogpics\/20110901_lacetest.jpg?resize=350%2C200 1x, https:\/\/i0.wp.com\/www.capricorna.de\/naehen\/blogpics\/20110901_lacetest.jpg?resize=525%2C300 1.5x"},"classes":[]}],"_links":{"self":[{"href":"https:\/\/stichelstube.capricorna.de\/wordpress\/wp-json\/wp\/v2\/posts\/873","targetHints":{"allow":["GET"]}}],"collection":[{"href":"https:\/\/stichelstube.capricorna.de\/wordpress\/wp-json\/wp\/v2\/posts"}],"about":[{"href":"https:\/\/stichelstube.capricorna.de\/wordpress\/wp-json\/wp\/v2\/types\/post"}],"author":[{"embeddable":true,"href":"https:\/\/stichelstube.capricorna.de\/wordpress\/wp-json\/wp\/v2\/users\/2"}],"replies":[{"embeddable":true,"href":"https:\/\/stichelstube.capricorna.de\/wordpress\/wp-json\/wp\/v2\/comments?post=873"}],"version-history":[{"count":2,"href":"https:\/\/stichelstube.capricorna.de\/wordpress\/wp-json\/wp\/v2\/posts\/873\/revisions"}],"predecessor-version":[{"id":2086,"href":"https:\/\/stichelstube.capricorna.de\/wordpress\/wp-json\/wp\/v2\/posts\/873\/revisions\/2086"}],"wp:attachment":[{"href":"https:\/\/stichelstube.capricorna.de\/wordpress\/wp-json\/wp\/v2\/media?parent=873"}],"wp:term":[{"taxonomy":"category","embeddable":true,"href":"https:\/\/stichelstube.capricorna.de\/wordpress\/wp-json\/wp\/v2\/categories?post=873"},{"taxonomy":"post_tag","embeddable":true,"href":"https:\/\/stichelstube.capricorna.de\/wordpress\/wp-json\/wp\/v2\/tags?post=873"}],"curies":[{"name":"wp","href":"https:\/\/api.w.org\/{rel}","templated":true}]}}