{"id":877,"date":"2011-11-14T22:34:16","date_gmt":"2011-11-14T21:34:16","guid":{"rendered":"http:\/\/stichelstube.capricorna.de\/wordpress\/?p=877"},"modified":"2021-12-25T11:54:43","modified_gmt":"2021-12-25T10:54:43","slug":"ziemlich-flotter-cordrock","status":"publish","type":"post","link":"https:\/\/stichelstube.capricorna.de\/wordpress\/2011\/11\/14\/ziemlich-flotter-cordrock\/","title":{"rendered":"Ziemlich flotter Cordrock"},"content":{"rendered":"<p><!--:de--><img data-recalc-dims=\"1\" loading=\"lazy\" decoding=\"async\" class=\"aligncenter\" src=\"https:\/\/i0.wp.com\/www.capricorna.de\/naehen\/pics_fertig\/20111113_cordrock_2.jpg?resize=400%2C228\" alt=\"\" width=\"400\" height=\"228\" \/><\/p>\n<p>Im <a href=\"http:\/\/www.hobbyschneiderin.net\/portal\/\" target=\"_blank\" rel=\"noopener\">Hobbyschneiderin-Forum<\/a> sind diesen <a href=\"http:\/\/www.hobbyschneiderin.net\/portal\/showthread.php?t=145951\" target=\"_blank\" rel=\"noopener\">Monat R\u00f6cke das Motivationsthema<\/a>. Und da wir seit kurzem einen Tanzkurs besuchen, und ich \u00fcberhaupt seit Jahren darauf hoffe, doch mal \u00fcber Nacht zur begeisterten Rocktr\u00e4gerin zu \u00a0mutieren, war das ein guter Anlass, in dieser Richtung t\u00e4tig zu werden.<\/p>\n<p>Auf der Suche nach Inspirationen bl\u00e4tterte ich durch die HS-Galerie, und dort fiel mir der &#8222;Flotte Cordrock&#8220; aus einer \u00e4lteren <a title=\"Ottobre Design\" href=\"http:\/\/www.ottobredesign.com\/\" target=\"_blank\" rel=\"noopener\">Ottobre<\/a> auf. Da ich auch noch einen schwarzen Feincord hier liegen hatte, der dringend an die Luft wollte, und damit zum weiteren Abbau meines Stoffberges beitragen konnte, ein guter Fund.<\/p>\n<p>Von dem Original-Schnittmuster habe ich allerdings nur die Taschen abgezeichnet, und den Rock selbst aus meinem k\u00fcrzlich erstellten Grundschnitt nach der Methode von <a title=\"Galiya Schnittkonstruktion\" href=\"http:\/\/www.kroyrus.net\/\" target=\"_blank\" rel=\"noopener\">Galiya<\/a> konstruiert. Ich sehe gerade, dass ich hier noch gar nichts \u00fcber dieses geniale System habe verlauten lassen; das muss ich unbedingt nachholen, denn es ist wirklich eine extrem gro\u00dfe Hilfe bei Passformproblemen!<\/p>\n<p>Nach dem Konstruieren kommt der Zuschnitt, und hier habe ich eine alte Idee aufgegriffen, die ich vor mehreren Jahren mal gesehen habe: Den Cord quer zu verarbeiten. Es gibt tats\u00e4chlich einen Hersteller, der sich darauf spezialisiert hat, mit dem sprechenden Namen <a href=\"http:\/\/www.betabrand.com\/cordarounds.html\" target=\"_blank\" rel=\"noopener\">Cordaround<\/a>. Die bl\u00f6dsinnige Begr\u00fcndung mit der besseren Luftzirkulation kann man sich schenken, aber die Idee als solche fand ich einfach witzig.<\/p>\n<p>Rock und Bund habe ich also quer zugeschnitten, die aufgesetzten Taschen und die G\u00fcrtelschlaufen l\u00e4ngs, gegen den Strich, wie es sich geh\u00f6rt.<\/p>\n<p>Weil der schwarze Feincord ja nun mal feine Rippen hat, und sehr &#8222;lichtschluckend&#8220; ist, f\u00e4llt der &#8222;falsche&#8220; Zuschnitt in diesem Fall \u00fcberhaupt nicht auf, wenn man nicht ganz genau hinschaut.<\/p>\n<p>Ein bisschen \u00fcberlegen musste ich bei der linken Seitennaht, wo der nahtfeine Rei\u00dfverschluss eingesetzt ist. Eigentlich wird die aufgesetzte Tasche in der Seitennaht mitgefasst, aber das w\u00e4re mit dem RV zu dick geworden. Also habe ich die Tasche aufgen\u00e4ht, aber drei Zentimeter vor der Seitennaht gestoppt, den RV eingesetzt und die Taschenkante dabei weggeklappt. Danach habe ich die Taschenkante dann knapp neben der Naht nach innen eingeschlagen und knappkantig abgesteppt. So liegt alles sch\u00f6n flach und sieht gut aus.<\/p>\n<p><img data-recalc-dims=\"1\" loading=\"lazy\" decoding=\"async\" class=\"aligncenter\" src=\"https:\/\/i0.wp.com\/www.capricorna.de\/naehen\/pics_fertig\/20111113_cordrock_1.jpg?resize=282%2C400\" alt=\"\" width=\"282\" height=\"400\" \/><\/p>\n<p>Gef\u00fcttert ist der Rock mit einem schweren Mantelfutter; zusammen mit einer Merino- oder Thermo-Strumpfhose sollte er auch f\u00fcr die k\u00fchleren Herbst-Temperaturen noch tragbar sein. Jetzt muss ich nur noch meinen Kleiderschrank durchforsten auf der Suche nach passenden Oberteilen. Zu diesem ausgestellten Rock sollten die Oberteile kurz und schmal sein, denke ich.<\/p>\n<p>Und warum &#8222;ziemlich&#8220; flott? Weil ich nur etwa eine Woche gebraucht habe, ihn zu machen; das ist f\u00fcr mich ziemlich schnell&#8230; \ud83d\ude09<!--:--><\/p>\n","protected":false},"excerpt":{"rendered":"<p>Im Hobbyschneiderin-Forum sind diesen Monat R\u00f6cke das Motivationsthema. Und da wir seit kurzem einen Tanzkurs besuchen, und ich \u00fcberhaupt seit Jahren darauf hoffe, doch mal \u00fcber Nacht zur begeisterten Rocktr\u00e4gerin zu \u00a0mutieren, war das ein guter Anlass, in dieser Richtung t\u00e4tig zu werden. Auf der Suche nach Inspirationen bl\u00e4tterte ich durch die HS-Galerie, und dort &hellip; <a href=\"https:\/\/stichelstube.capricorna.de\/wordpress\/2011\/11\/14\/ziemlich-flotter-cordrock\/\" class=\"more-link\"><span class=\"screen-reader-text\">\u201eZiemlich flotter Cordrock\u201c <\/span>weiterlesen<\/a><\/p>\n","protected":false},"author":2,"featured_media":0,"comment_status":"open","ping_status":"open","sticky":false,"template":"","format":"standard","meta":{"jetpack_post_was_ever_published":false,"_jetpack_newsletter_access":"","_jetpack_dont_email_post_to_subs":false,"_jetpack_newsletter_tier_id":0,"_jetpack_memberships_contains_paywalled_content":false,"_jetpack_memberships_contains_paid_content":false,"footnotes":"","jetpack_publicize_message":"","jetpack_publicize_feature_enabled":true,"jetpack_social_post_already_shared":false,"jetpack_social_options":{"image_generator_settings":{"template":"highway","default_image_id":0,"font":"","enabled":false},"version":2}},"categories":[5,17],"tags":[],"class_list":["post-877","post","type-post","status-publish","format-standard","hentry","category-fertig","category-motivationsmonat"],"jetpack_publicize_connections":[],"jetpack_featured_media_url":"","jetpack_sharing_enabled":true,"jetpack_shortlink":"https:\/\/wp.me\/p6Znca-e9","jetpack-related-posts":[{"id":164,"url":"https:\/\/stichelstube.capricorna.de\/wordpress\/2004\/11\/11\/164\/","url_meta":{"origin":877,"position":0},"title":"Puh, nochmal Gl\u00fcck gehabt! Gestern\u2026","author":"Kerstin","date":"11. November 2004","format":false,"excerpt":"Puh, nochmal Gl\u00fcck gehabt! Gestern habe ich an dem Rock weiter gemacht. Ich hatte die r\u00fcckw\u00e4rtigen Abn\u00e4her verbreitert und verl\u00e4ngert, weil es hinten immer noch zu weit war. Nachdem ich die Abn\u00e4her auf einer Seite gen\u00e4ht habe, habe ich festgestellt, dass einer total beulte... Das war mir noch nie passiert!\u2026","rel":"","context":"In &quot;Allgemein&quot;","block_context":{"text":"Allgemein","link":"https:\/\/stichelstube.capricorna.de\/wordpress\/category\/allgemein\/"},"img":{"alt_text":"","src":"","width":0,"height":0},"classes":[]},{"id":71,"url":"https:\/\/stichelstube.capricorna.de\/wordpress\/2004\/02\/24\/71\/","url_meta":{"origin":877,"position":1},"title":"Bis auf zwei Saumn\u00e4hte ist\u2026","author":"Kerstin","date":"24. Februar 2004","format":false,"excerpt":"Bis auf zwei Saumn\u00e4hte ist das Top jetzt fertig - es h\u00e4ngt hinter mir an der Wand, und ich bin echt hin und weg davon, wie toll es aussieht. Dabei war das eigentlich nur ein Probeteil aus preiswertem Stoff, den ich mal in einem spontanen Anfall von \"Der gef\u00e4llt mir\"\u2026","rel":"","context":"In &quot;Allgemein&quot;","block_context":{"text":"Allgemein","link":"https:\/\/stichelstube.capricorna.de\/wordpress\/category\/allgemein\/"},"img":{"alt_text":"","src":"","width":0,"height":0},"classes":[]},{"id":317,"url":"https:\/\/stichelstube.capricorna.de\/wordpress\/2006\/10\/22\/ufo-flotte\/","url_meta":{"origin":877,"position":2},"title":"Ufo-Flotte","author":"Kerstin","date":"22. Oktober 2006","format":false,"excerpt":"Derzeit stapeln sich bei mir wieder die halbfertigen Teile...Meine schwarze Hose, die eigentlich letzte Woche schon fertig werden sollte, ist immer noch ohne S\u00e4ume und Kn\u00f6pfe.Dann hatte ich ja f\u00fcnf T-Shirts und Tops zugeschnitten, da fehlen auch noch die S\u00e4ume und Halsausschnitte.Meine halbfertige Jeans-Jacke h\u00e4ngt schon seit Wochen \u00fcber dem\u2026","rel":"","context":"In &quot;Ufo&quot;","block_context":{"text":"Ufo","link":"https:\/\/stichelstube.capricorna.de\/wordpress\/category\/ufo\/"},"img":{"alt_text":"","src":"","width":0,"height":0},"classes":[]},{"id":302,"url":"https:\/\/stichelstube.capricorna.de\/wordpress\/2006\/07\/11\/ein-sommer-rock\/","url_meta":{"origin":877,"position":3},"title":"Ein Sommer-Rock","author":"Kerstin","date":"11. Juli 2006","format":false,"excerpt":"Jetzt haben wir wieder die Jahreszeit, in der ich jedes Mal feststelle, dass ich keine brauchbaren R\u00f6cke in meiner Garderobe habe.Ich besitze derzeit genau drei R\u00f6cke, davon haben zwei inzwischen die falsche Farbe, und zwei sind kn\u00f6chellang, was mir nicht so gut steht. Leider \u00fcberschneiden sich diese beiden Schnittmengen. Summa\u2026","rel":"","context":"In &quot;Allgemein&quot;","block_context":{"text":"Allgemein","link":"https:\/\/stichelstube.capricorna.de\/wordpress\/category\/allgemein\/"},"img":{"alt_text":"","src":"","width":0,"height":0},"classes":[]},{"id":342,"url":"https:\/\/stichelstube.capricorna.de\/wordpress\/2007\/06\/10\/ein-langer-rock-und-ein-besonderes-kleid\/","url_meta":{"origin":877,"position":4},"title":"Ein langer Rock &#8211; und ein besonderes Kleid","author":"Kerstin","date":"10. Juni 2007","format":false,"excerpt":"Jippie, ich hab\u00b4s geschafft! :-)Nach laaaanger Bedenkzeit habe ich es endlich geschafft, meinen schwarz-wei\u00dfen, gro\u00df-gemusterten Stoff zu einem Rock zu verarbeiten. Den Stoff habe ich gut ein Jahr abgelagert, weil er mir so gut gef\u00e4llt, aber ich immer Angst hatte, dass etwas schief geht, oder dass mir so gro\u00dfe Muster\u2026","rel":"","context":"In &quot;Allgemein&quot;","block_context":{"text":"Allgemein","link":"https:\/\/stichelstube.capricorna.de\/wordpress\/category\/allgemein\/"},"img":{"alt_text":"","src":"","width":0,"height":0},"classes":[]},{"id":344,"url":"https:\/\/stichelstube.capricorna.de\/wordpress\/2007\/06\/22\/keine-ufos-bis-zur-hochzeit\/","url_meta":{"origin":877,"position":5},"title":"Keine Ufos bis zur Hochzeit!","author":"Kerstin","date":"22. Juni 2007","format":false,"excerpt":"Jaaaa.... nach etwas Hin und Her steht jetzt auch der Termin; im Oktober ist es soweit *freu*Und bis dahin, habe ich mir heute vorgenommen, will ich alle Ufos loswerden!Heute habe ich ein angefangenes Jeans-Kleid aus der Ufo-Kiste gezogen. Der Stoff ist ein ganz d\u00fcnner Sommerjeans mit sch\u00f6n weichem Fall. Daraus\u2026","rel":"","context":"In &quot;Allgemein&quot;","block_context":{"text":"Allgemein","link":"https:\/\/stichelstube.capricorna.de\/wordpress\/category\/allgemein\/"},"img":{"alt_text":"","src":"","width":0,"height":0},"classes":[]}],"_links":{"self":[{"href":"https:\/\/stichelstube.capricorna.de\/wordpress\/wp-json\/wp\/v2\/posts\/877","targetHints":{"allow":["GET"]}}],"collection":[{"href":"https:\/\/stichelstube.capricorna.de\/wordpress\/wp-json\/wp\/v2\/posts"}],"about":[{"href":"https:\/\/stichelstube.capricorna.de\/wordpress\/wp-json\/wp\/v2\/types\/post"}],"author":[{"embeddable":true,"href":"https:\/\/stichelstube.capricorna.de\/wordpress\/wp-json\/wp\/v2\/users\/2"}],"replies":[{"embeddable":true,"href":"https:\/\/stichelstube.capricorna.de\/wordpress\/wp-json\/wp\/v2\/comments?post=877"}],"version-history":[{"count":3,"href":"https:\/\/stichelstube.capricorna.de\/wordpress\/wp-json\/wp\/v2\/posts\/877\/revisions"}],"predecessor-version":[{"id":2088,"href":"https:\/\/stichelstube.capricorna.de\/wordpress\/wp-json\/wp\/v2\/posts\/877\/revisions\/2088"}],"wp:attachment":[{"href":"https:\/\/stichelstube.capricorna.de\/wordpress\/wp-json\/wp\/v2\/media?parent=877"}],"wp:term":[{"taxonomy":"category","embeddable":true,"href":"https:\/\/stichelstube.capricorna.de\/wordpress\/wp-json\/wp\/v2\/categories?post=877"},{"taxonomy":"post_tag","embeddable":true,"href":"https:\/\/stichelstube.capricorna.de\/wordpress\/wp-json\/wp\/v2\/tags?post=877"}],"curies":[{"name":"wp","href":"https:\/\/api.w.org\/{rel}","templated":true}]}}