{"id":946,"date":"2012-10-06T20:31:44","date_gmt":"2012-10-06T18:31:44","guid":{"rendered":"http:\/\/stichelstube.capricorna.de\/wordpress\/?p=946"},"modified":"2012-10-06T20:31:44","modified_gmt":"2012-10-06T18:31:44","slug":"kann-man-schon-was-sehen","status":"publish","type":"post","link":"https:\/\/stichelstube.capricorna.de\/wordpress\/2012\/10\/06\/kann-man-schon-was-sehen\/","title":{"rendered":"Kann man schon was sehen?!"},"content":{"rendered":"<p>Ein Langzeitprojekt n\u00e4hert sich ganz langsam seiner Vollendung &#8211; mein Handtaschen-Klon ist schon ganz gut als solcher erkennbar.<\/p>\n<p>Als kleine Erinnerung hier der Anfang, aus dem Juni &#8211; da habe ich den Schnitt abgenommen.<\/p>\n<figure style=\"width: 400px\" class=\"wp-caption aligncenter\"><img data-recalc-dims=\"1\" loading=\"lazy\" decoding=\"async\" src=\"https:\/\/i0.wp.com\/www.capricorna.de\/naehen\/blogpics\/20121006_tasche__1.jpg?resize=400%2C363\" alt=\"\" width=\"400\" height=\"363\" \/><figcaption class=\"wp-caption-text\">Original-Tasche<\/figcaption><\/figure>\n<p>F\u00fcr den Au\u00dfenstoff habe ich mich f\u00fcr einen lose gewebten Tweed (?) entschieden. Das war nicht so ganz die beste Entscheidung; an den Kanten sind die lose gewebten F\u00e4den schlecht zu b\u00e4ndigen. Den Stoff, von dem ich eine gr\u00f6\u00dfere Menge hier habe, hatte ich eigentlich f\u00fcr einen Kurzmantel vorgesehen, aber ich mache wohl doch besser eine klassische Chanel-Jacke daraus; er ist wohl mehr f\u00fcr sch\u00f6n als f\u00fcr praktisch geeignet.<\/p>\n<p>Den Seitenstreifen hatte ich zuerst aus einem schwarzen Feink\u00f6per gemacht; aber der sammelte mir zu schnell Fusseln. Da Leder f\u00fcr eine Tasche immer noch am besten geeignet ist, wurde ich dann schlie\u00dflich bei Leder Detmer in der Restekiste f\u00fcndig. Meine N\u00e4hmaschine stie\u00df gelegentlich an ihre Grenzen; allzu genau darf man nicht \u00fcberall hinschauen. Um die Tr\u00e4ger zu befestigen, werde ich wohl einen Schuster in Anspruch nehmen.<\/p>\n<p>Danach folgte etwas Feinarbeit, die Blumen-Deko. Die Bl\u00fctenteile aus dem schwarzen Wildleder auszuschneiden und anzun\u00e4hen war nicht schwierig, nur zeitraubend. Etwas mehr Arbeit erforderte das Aufn\u00e4hen der geschliffenen Perlen. Im Bastelladen hatte ich zuerst zu den Holzperlen gegriffen, mich dann aber doch entschieden, meine pers\u00f6nliche Komfort-Zone ein St\u00fcck zu verlassen und das Bling-bling zu verwenden. Das Aufn\u00e4hen war nur deswegen so schwierig, weil sich der N\u00e4hfaden um sich selbst wickelte beim Durchziehen, oder im stabilen Taschenfutter h\u00e4ngenblieb, und immer wieder Fadensalat produzierte. Ich mache so etwas nicht allzuoft &#8211; aus gutem Grund &#8211; aber ich glaube, ich muss mich doch mal st\u00e4rker mit dem Thema Handsticken\u00a0 besch\u00e4ftigen. Da muss es doch irgendwelche &#8222;Tricks&#8220; geben&#8230;<\/p>\n<figure style=\"width: 400px\" class=\"wp-caption aligncenter\"><img data-recalc-dims=\"1\" loading=\"lazy\" decoding=\"async\" src=\"https:\/\/i0.wp.com\/www.capricorna.de\/naehen\/blogpics\/20121006_tasche_1.jpg?resize=400%2C374\" alt=\"\" width=\"400\" height=\"374\" \/><figcaption class=\"wp-caption-text\">Taschen-Nachbau<\/figcaption><\/figure>\n<p>Au\u00dfen ist sie jetzt soweit fertig; jetzt fehlt nur noch das Futter und die Tr\u00e4ger. Das Futter habe ich schon gen\u00e4ht und mit zwei Innentaschen versehen. Heute habe ich dann noch ein d\u00fcnnes Volumenvlies aufgeb\u00fcgelt. Die Tasche selbst ist mit einem stabilen Taschenfutter aus Kunststoff versehen, darum musste ich die Vlieseline jetzt auf das Futter aufb\u00fcgeln. Um die Innentaschen nicht festzukleben, habe ich einen Schlitz in die Vlieseline geschnitten und die Innentaschen durchgezogen. Danach wurde geb\u00fcgelt.<\/p>\n<figure style=\"width: 400px\" class=\"wp-caption aligncenter\"><img data-recalc-dims=\"1\" loading=\"lazy\" decoding=\"async\" src=\"https:\/\/i0.wp.com\/www.capricorna.de\/naehen\/blogpics\/20121006_tasche_4.jpg?resize=400%2C270\" alt=\"\" width=\"400\" height=\"270\" \/><figcaption class=\"wp-caption-text\">Volumenvlies mit Trick 17<\/figcaption><\/figure>\n<figure style=\"width: 400px\" class=\"wp-caption aligncenter\"><img data-recalc-dims=\"1\" loading=\"lazy\" decoding=\"async\" src=\"https:\/\/i0.wp.com\/www.capricorna.de\/naehen\/blogpics\/20121006_tasche_3.jpg?resize=400%2C239\" alt=\"\" width=\"400\" height=\"239\" \/><figcaption class=\"wp-caption-text\">Aufgeb\u00fcgeltes Vlies<\/figcaption><\/figure>\n<p>Als ich heute im Stoffaden das Vlies und andere Kleinigkeiten kaufte, habe ich au\u00dferdem etwas Tolles entdeckt, das ich schon \u00f6fter vermisst habe: Ein tempor\u00e4rer Markierstift von Prym in wei\u00df, der auf dunklen Stoffen sichtbar ist! Keine Ahnung, ob der neu ist; mir war er bislang unbekannt. Ich habe ihn gleich mal getestet &#8211; wenn man die Linien zieht, sieht man zun\u00e4chst gar nichts; erst beim Trocknen wird die Fl\u00fcssigkeit ganz wei\u00df. Es ist ein Aqua-Trickmarker; die Markierungen m\u00fcssen also vor dem B\u00fcgeln mit Wasser entfernt werden. Ich glaube, der wird mir noch sehr n\u00fctzlich werden!<\/p>\n<figure style=\"width: 400px\" class=\"wp-caption aligncenter\"><img data-recalc-dims=\"1\" loading=\"lazy\" decoding=\"async\" src=\"https:\/\/i0.wp.com\/www.capricorna.de\/naehen\/blogpics\/20121006_tasche_2.jpg?resize=400%2C272\" alt=\"\" width=\"400\" height=\"272\" \/><figcaption class=\"wp-caption-text\">Aqua-Trickmarker wei\u00df<\/figcaption><\/figure>\n","protected":false},"excerpt":{"rendered":"<p>Ein Langzeitprojekt n\u00e4hert sich ganz langsam seiner Vollendung &#8211; mein Handtaschen-Klon ist schon ganz gut als solcher erkennbar. Als kleine Erinnerung hier der Anfang, aus dem Juni &#8211; da habe ich den Schnitt abgenommen. F\u00fcr den Au\u00dfenstoff habe ich mich f\u00fcr einen lose gewebten Tweed (?) entschieden. Das war nicht so ganz die beste Entscheidung; &hellip; <a href=\"https:\/\/stichelstube.capricorna.de\/wordpress\/2012\/10\/06\/kann-man-schon-was-sehen\/\" class=\"more-link\"><span class=\"screen-reader-text\">\u201eKann man schon was sehen?!\u201c <\/span>weiterlesen<\/a><\/p>\n","protected":false},"author":2,"featured_media":0,"comment_status":"open","ping_status":"open","sticky":false,"template":"","format":"standard","meta":{"jetpack_post_was_ever_published":false,"_jetpack_newsletter_access":"","_jetpack_dont_email_post_to_subs":false,"_jetpack_newsletter_tier_id":0,"_jetpack_memberships_contains_paywalled_content":false,"_jetpack_memberships_contains_paid_content":false,"footnotes":"","jetpack_publicize_message":"","jetpack_publicize_feature_enabled":true,"jetpack_social_post_already_shared":false,"jetpack_social_options":{"image_generator_settings":{"template":"highway","default_image_id":0,"font":"","enabled":false},"version":2}},"categories":[4,1,20],"tags":[],"class_list":["post-946","post","type-post","status-publish","format-standard","hentry","category-accessoires","category-allgemein","category-uwyh"],"jetpack_publicize_connections":[],"jetpack_featured_media_url":"","jetpack_sharing_enabled":true,"jetpack_shortlink":"https:\/\/wp.me\/p6Znca-fg","jetpack-related-posts":[{"id":549,"url":"https:\/\/stichelstube.capricorna.de\/wordpress\/2009\/04\/22\/faden-ziehen\/","url_meta":{"origin":946,"position":0},"title":"F\u00e4den ziehen","author":"Kerstin","date":"22. April 2009","format":false,"excerpt":"Nicht nur im Berufsleben ist das F\u00e4den ziehen eine n\u00fctzliche T\u00e4tigkeit, auch beim N\u00e4hen kann das manchmal weiterhelfen. Zum Beispiel bei rutschigen Gardinenstoffen. Ich habe die h\u00f6chste Achtung vor den Tausenden von Raumausstattern, die ihre Tage damit verbringen, diese rutschigen Stoffe zu b\u00e4ndigen und vor allem gerade N\u00e4hte an ihnen\u2026","rel":"","context":"In &quot;Allgemein&quot;","block_context":{"text":"Allgemein","link":"https:\/\/stichelstube.capricorna.de\/wordpress\/category\/allgemein\/"},"img":{"alt_text":"","src":"https:\/\/i0.wp.com\/www.capricorna.de\/naehen\/blogpics\/tee_faden1.jpg?resize=350%2C200","width":350,"height":200},"classes":[]},{"id":717,"url":"https:\/\/stichelstube.capricorna.de\/wordpress\/2010\/06\/16\/sommerblumen-shirt\/","url_meta":{"origin":946,"position":1},"title":"Sommerblumen-Shirt","author":"Kerstin","date":"16. Juni 2010","format":false,"excerpt":"Bei dem leidlich sch\u00f6nen Wetter der letzten Tage und Wochen habe ich jetzt endlich Lust auf sommerliche Kleidung bekommen. Was ich in meinem Schrank schmerzlich vermisse, sind h\u00fcbsche sommerliche T-Shirts. Also habe ich mich gestern kurzfristig dazu entschlossen, meinen aller-aller-sch\u00f6nsten Jersey zuzuschneiden, um den ich schon seit einem Jahr herumschleiche.\u2026","rel":"","context":"In &quot;Fertig&quot;","block_context":{"text":"Fertig","link":"https:\/\/stichelstube.capricorna.de\/wordpress\/category\/fertig\/"},"img":{"alt_text":"","src":"https:\/\/i0.wp.com\/www.capricorna.de\/naehen\/pics_fertig\/jini_shirt_1.jpg?resize=350%2C200","width":350,"height":200},"classes":[]},{"id":2338,"url":"https:\/\/stichelstube.capricorna.de\/wordpress\/2023\/06\/30\/mojo-fluffig-wiederbelebt\/","url_meta":{"origin":946,"position":2},"title":"Mojo, fluffig wiederbelebt","author":"Kerstin","date":"30. Juni 2023","format":false,"excerpt":"Wie ich einmal versuchte, nachhaltig zu N\u00e4hen","rel":"","context":"In &quot;Fertig&quot;","block_context":{"text":"Fertig","link":"https:\/\/stichelstube.capricorna.de\/wordpress\/category\/fertig\/"},"img":{"alt_text":"","src":"","width":0,"height":0},"classes":[]},{"id":197,"url":"https:\/\/stichelstube.capricorna.de\/wordpress\/2005\/03\/30\/197\/","url_meta":{"origin":946,"position":3},"title":"So sieht mein derzeitiges Projekt\u2026","author":"Kerstin","date":"30. M\u00e4rz 2005","format":false,"excerpt":"So sieht mein derzeitiges Projekt aus: Eine Hemdbluse aus dem sch\u00f6nen bestickten Popeline. Heute abend war ich ziemlich fleissig; ausser dem Zuschneiden habe ich schon die Abn\u00e4her, Schultern\u00e4hte, Seitenn\u00e4hte und untere \u00c4rmeln\u00e4hte gesteppt :-)Also alle \"geraden\" und einfachen N\u00e4hte. Morgen will ich versuchen, einen \u00c4rmel einzusetzen, davor graut mir schon...\u2026","rel":"","context":"In &quot;Allgemein&quot;","block_context":{"text":"Allgemein","link":"https:\/\/stichelstube.capricorna.de\/wordpress\/category\/allgemein\/"},"img":{"alt_text":"","src":"","width":0,"height":0},"classes":[]},{"id":261,"url":"https:\/\/stichelstube.capricorna.de\/wordpress\/2006\/03\/16\/ein-unbezahlbares-geschenk\/","url_meta":{"origin":946,"position":4},"title":"Ein unbezahlbares Geschenk","author":"Kerstin","date":"16. M\u00e4rz 2006","format":false,"excerpt":"... habe ich im letzten N\u00e4hkurs von unserer Kursleiterin erhalten.Ich war mit meinen Osterk\u00f6rbchen zugange, und meine Kollegin zog einen Stoff aus ihrer Tasche, den ihr unsere Kursleiterin aus ihren Resten mitgebracht hatte. Der w\u00e4re doch auch perfekt geeignet f\u00fcr ein Osterk\u00f6rbchen, mit dem blumigen Muster.Ja, ein sehr sch\u00f6ner Stoff;\u2026","rel":"","context":"In &quot;Allgemein&quot;","block_context":{"text":"Allgemein","link":"https:\/\/stichelstube.capricorna.de\/wordpress\/category\/allgemein\/"},"img":{"alt_text":"","src":"","width":0,"height":0},"classes":[]},{"id":4,"url":"https:\/\/stichelstube.capricorna.de\/wordpress\/2003\/04\/03\/4\/","url_meta":{"origin":946,"position":5},"title":"Das Projekt Bluse habe ich\u2026","author":"Kerstin","date":"3. April 2003","format":false,"excerpt":"Das Projekt Bluse habe ich erstmal auf Eis gelegt zugunsten eines Kopfkissens f\u00fcr den Schaukelstuhl. Ich hatte eine Papier-Schablone erstellt, und war gestern soweit, dass sie halbfertig war. Ein etwa drei Zentimeter dickes Kissen mit Schaumstoff-Lagen gef\u00e4llt. Bei der \"Anprobe\" stellte ich dann fest, dass durch den dicken Schaumstoff das\u2026","rel":"","context":"In &quot;Allgemein&quot;","block_context":{"text":"Allgemein","link":"https:\/\/stichelstube.capricorna.de\/wordpress\/category\/allgemein\/"},"img":{"alt_text":"","src":"","width":0,"height":0},"classes":[]}],"_links":{"self":[{"href":"https:\/\/stichelstube.capricorna.de\/wordpress\/wp-json\/wp\/v2\/posts\/946","targetHints":{"allow":["GET"]}}],"collection":[{"href":"https:\/\/stichelstube.capricorna.de\/wordpress\/wp-json\/wp\/v2\/posts"}],"about":[{"href":"https:\/\/stichelstube.capricorna.de\/wordpress\/wp-json\/wp\/v2\/types\/post"}],"author":[{"embeddable":true,"href":"https:\/\/stichelstube.capricorna.de\/wordpress\/wp-json\/wp\/v2\/users\/2"}],"replies":[{"embeddable":true,"href":"https:\/\/stichelstube.capricorna.de\/wordpress\/wp-json\/wp\/v2\/comments?post=946"}],"version-history":[{"count":1,"href":"https:\/\/stichelstube.capricorna.de\/wordpress\/wp-json\/wp\/v2\/posts\/946\/revisions"}],"predecessor-version":[{"id":947,"href":"https:\/\/stichelstube.capricorna.de\/wordpress\/wp-json\/wp\/v2\/posts\/946\/revisions\/947"}],"wp:attachment":[{"href":"https:\/\/stichelstube.capricorna.de\/wordpress\/wp-json\/wp\/v2\/media?parent=946"}],"wp:term":[{"taxonomy":"category","embeddable":true,"href":"https:\/\/stichelstube.capricorna.de\/wordpress\/wp-json\/wp\/v2\/categories?post=946"},{"taxonomy":"post_tag","embeddable":true,"href":"https:\/\/stichelstube.capricorna.de\/wordpress\/wp-json\/wp\/v2\/tags?post=946"}],"curies":[{"name":"wp","href":"https:\/\/api.w.org\/{rel}","templated":true}]}}